{"id":380027,"date":"2025-08-28T16:32:12","date_gmt":"2025-08-28T16:32:12","guid":{"rendered":"https:\/\/www.europesays.com\/de\/380027\/"},"modified":"2025-08-28T16:32:12","modified_gmt":"2025-08-28T16:32:12","slug":"sylvie-meis-neue-frisur-war-es-das-mit-ihrem-signature-look","status":"publish","type":"post","link":"https:\/\/www.europesays.com\/de\/380027\/","title":{"rendered":"Sylvie Meis: Neue Frisur! War es das mit ihrem Signature-Look?"},"content":{"rendered":"<p>Sylvie Meis<br \/>\nTrennt sich die Moderatorin etwa von ihrem Signature-Look?<\/p>\n<p><img class=\"image image-element__image\"   src=\"https:\/\/www.europesays.com\/de\/wp-content\/uploads\/2025\/08\/sylvie-meis-aufmacher.jpg\" alt=\"Sylvie Meis\" decoding=\"async\" fetchpriority=\"high\" loading=\"eager\"\/><br \/>\n<a href=\"https:\/\/image.gala.de\/24442928\/t\/xW\/v5\/w2048\/r1.5\/-\/sylvie-meis-aufmacher.jpg#Tristar%20Media%20%2F%20Getty%20Images\" class=\"image__magnifier\" aria-label=\"Vergr\u00f6\u00dfern\" rel=\"nofollow noopener\" target=\"_blank\"><\/p>\n<p>\u00a9 Tristar Media \/ Getty Images<\/p>\n<p>\nSylvie Meis \u00fcberrascht auf Instagram mit einer Typver\u00e4nderung. Ob diese wohl dauerhaft ist? <\/p>\n<p class=\"text-element u-richtext u-typo u-typo--article-text article__text-element text-element--context-article\"> Wenn sich Stars und Sternchen von ihrem Haarschnitt verabschieden, steckt da meist der Wunsch nach Ver\u00e4nderung hinter. Auch Moderatorin <a class=\"link--person\" data-target-type=\"article\" href=\"https:\/\/www.gala.de\/stars\/starportraets\/sylvie-meis-20484488.html\" rel=\"nofollow noopener\" target=\"_blank\">Sylvie Meis<\/a>, 47, \u00fcberrascht jetzt mit haarigem Wandel. Hat der &#8222;Love Island&#8220;-Host sich jetzt etwa von seiner Signature-Frisur verabschiedet oder m\u00f6chte sie lediglich mal kurz etwas Neues ausprobieren? Ein neues, geteiltes Foto auf Instagram sorgt f\u00fcr R\u00e4tselraten.<\/p>\n<p>Sylvie Meis: Ihr Standardschnitt erh\u00e4lt ein Update  <\/p>\n<p class=\"text-element u-richtext u-typo u-typo--article-text article__text-element text-element--context-article\"> Hinsichtlich ihres Beauty-Looks bleibt Sylvie Meis sich treu. Gro\u00dfe Ver\u00e4nderungen? Nicht mit ihr. Stets strahlt sie auf Instagram in glamour\u00f6sen Outfits und mit einem unverkennbaren Make-up-Stil. Ihre blonden Haare tr\u00e4gt sie lang und in ausgek\u00e4mmten Locken. Ein Mittelscheitel schenkt ihr etwas Klassisches, w\u00e4hrend die vorderen Str\u00e4hnen zu leichten Curtain Bangs geschnitten wurden. Mit ihrem Signature-Look scheint jedoch erstmal Schluss zu sein, wie Sylvie Meis auf Instagram teilt. &#8222;Great hair is my ultimate accessory&#8220;, schreibt die Blondine zu gleich zwei Fotos, die sie im babyblauen Seidenkleid mit BH-Detail zeigen.<\/p>\n<p>Phase des Ausprobierens?<\/p>\n<p class=\"text-element u-richtext u-typo u-typo--article-text article__text-element text-element--context-article\"> Sylvie Meis tr\u00e4gt ihre vorderen Str\u00e4hnen jetzt seitlich und zeigt, dass Schr\u00e4gponys offensichtlich niemals aus der Mode kommen. Die Str\u00e4hnen liegen eng um ihre Stirn und gleiten dabei seitlich \u00fcber die Brauen. Ob sich Sylvie Meis wirklich einer so radikalen Ver\u00e4nderung unterzogen hat oder vielleicht doch eher ein Clip-Pony dahintersteckt? Es bleibt abzuwarten, wie sie sich auf neueren Fotos pr\u00e4sentiert. Dass ihr der neue Style grandios steht, ist au\u00dfer Frage. &#8222;Du bist wundersch\u00f6n, egal wie du die Haare hast&#8220;, pflichtet eine Userin bei und eine andere findet: &#8222;Dieser Haarschnitt steht dir wirklich gut&#8220;. Mit wem sie so \u00c4hnlichkeit hat? &#8222;Du siehst langsam immer mehr wie <a class=\"link--person\" data-target-type=\"article\" href=\"https:\/\/www.gala.de\/stars\/starportraets\/britney-spears-20519474.html\" rel=\"nofollow noopener\" target=\"_blank\">Britney Spears<\/a> aus&#8220; denkt jemand Weiteres in Bezug auf den Pony. Ihren Fans gef\u00e4llt es \u2013 und, dass Sylvie selbst so strahlt, ist das Wichtigste.\u00a0<\/p>\n<p>\nGala\n<\/p>\n<p>#Themen<\/p>\n","protected":false},"excerpt":{"rendered":"Sylvie Meis Trennt sich die Moderatorin etwa von ihrem Signature-Look? \u00a9 Tristar Media \/ Getty Images Sylvie Meis&hellip;\n","protected":false},"author":2,"featured_media":380028,"comment_status":"","ping_status":"","sticky":false,"template":"","format":"standard","meta":{"footnotes":""},"categories":[1776],"tags":[1801,29,214,30,1802,215],"class_list":{"0":"post-380027","1":"post","2":"type-post","3":"status-publish","4":"format-standard","5":"has-post-thumbnail","7":"category-prominente","8":"tag-celebrities","9":"tag-deutschland","10":"tag-entertainment","11":"tag-germany","12":"tag-prominente","13":"tag-unterhaltung"},"share_on_mastodon":{"url":"https:\/\/pubeurope.com\/@de\/115107354748060922","error":""},"_links":{"self":[{"href":"https:\/\/www.europesays.com\/de\/wp-json\/wp\/v2\/posts\/380027","targetHints":{"allow":["GET"]}}],"collection":[{"href":"https:\/\/www.europesays.com\/de\/wp-json\/wp\/v2\/posts"}],"about":[{"href":"https:\/\/www.europesays.com\/de\/wp-json\/wp\/v2\/types\/post"}],"author":[{"embeddable":true,"href":"https:\/\/www.europesays.com\/de\/wp-json\/wp\/v2\/users\/2"}],"replies":[{"embeddable":true,"href":"https:\/\/www.europesays.com\/de\/wp-json\/wp\/v2\/comments?post=380027"}],"version-history":[{"count":0,"href":"https:\/\/www.europesays.com\/de\/wp-json\/wp\/v2\/posts\/380027\/revisions"}],"wp:featuredmedia":[{"embeddable":true,"href":"https:\/\/www.europesays.com\/de\/wp-json\/wp\/v2\/media\/380028"}],"wp:attachment":[{"href":"https:\/\/www.europesays.com\/de\/wp-json\/wp\/v2\/media?parent=380027"}],"wp:term":[{"taxonomy":"category","embeddable":true,"href":"https:\/\/www.europesays.com\/de\/wp-json\/wp\/v2\/categories?post=380027"},{"taxonomy":"post_tag","embeddable":true,"href":"https:\/\/www.europesays.com\/de\/wp-json\/wp\/v2\/tags?post=380027"}],"curies":[{"name":"wp","href":"https:\/\/api.w.org\/{rel}","templated":true}]}}