{"id":380041,"date":"2025-08-28T16:49:19","date_gmt":"2025-08-28T16:49:19","guid":{"rendered":"https:\/\/www.europesays.com\/de\/380041\/"},"modified":"2025-08-28T16:49:19","modified_gmt":"2025-08-28T16:49:19","slug":"auch-filmstars-werden-krank-george-clooney-laesst-in-venedig-termine-platzen","status":"publish","type":"post","link":"https:\/\/www.europesays.com\/de\/380041\/","title":{"rendered":"&#8222;Auch Filmstars werden krank&#8220;: George Clooney l\u00e4sst in Venedig Termine platzen"},"content":{"rendered":"<p>                    &#8222;Auch Filmstars werden krank&#8220;<br \/>\n                George Clooney l\u00e4sst in Venedig Termine platzen<\/p>\n<p>\t\t\t\t              28.08.2025, 17:15 Uhr<\/p>\n<p>\t\t\t\t\t       Artikel anh\u00f6ren<\/p>\n<p>\t\t\t\t\t\t\tDiese Audioversion wurde k\u00fcnstlich generiert. <a href=\"https:\/\/www.n-tv.de\/23249898\" target=\"_blank\" rel=\"noopener\">Mehr Infos<\/a><\/p>\n<p><strong>Seinen Abstecher zu den Filmfestspielen in Venedig hatte sich George Clooney definitiv anders vorgestellt. Eigentlich will er am Lido seinen neuen Streifen &#8222;Jay Kelly&#8220; pr\u00e4sentieren. Doch daraus wird nichts &#8211; der Hollywood-Star ist krank.<\/strong><\/p>\n<p>George Clooney hat krankheitsbedingt nicht an der Pressekonferenz zu seinem Film in Venedig teilgenommen. &#8222;Bei George wurde eine Sinusitis diagnostiziert, und sein Arzt hat ihm geraten, seine Aktivit\u00e4ten in den n\u00e4chsten Tagen einzuschr\u00e4nken, um sich zu erholen&#8220;, teilte das Management des 64-J\u00e4hrigen mit. Sinusitis ist eine Entz\u00fcndung der Schleimh\u00e4ute in den Nasennebenh\u00f6hlen.<\/p>\n<p>&#8222;Auch Filmstars werden krank&#8220;, sagte Adam Sandler, der an der Seite von Clooney im Wettbewerbsfilm &#8222;Jay Kelly&#8220; spielt. Clooney sei &#8222;am Boden zerst\u00f6rt, dass er nicht hier sein kann&#8220;, sagte Laura Dern, die ebenfalls in dem Film zu sehen ist. Man hoffe auf seine abendliche Anwesenheit auf dem roten Teppich, so die Moderatorin der Konferenz.<\/p>\n<p>Der US-Amerikaner war am Mittwoch bereits vor der Er\u00f6ffnung der Filmfestspiele auf dem Lido in Venedig angekommen. Schon da soll er Interviews abgesagt haben, weil er sich nicht fit gef\u00fchlt habe.<\/p>\n<p>Emma Stone sorgt f\u00fcr Glamour<\/p>\n<p>Regisseur Noah Baumbach erz\u00e4hlt in &#8222;Jay Kelly&#8220; von einem \u00e4lteren Schauspieler (Clooney), der in eine Sinnkrise ger\u00e4t und sich mit seinem Manager (Sandler) auf eine Reise nach Europa begibt. Die Premiere des Netflix-Films ist f\u00fcr Donnerstagabend geplant. Baumbach sagte, er habe den Film f\u00fcr Clooney gemacht. <\/p>\n<p>  <a href=\"https:\/\/www.europesays.com\/de\/wp-content\/uploads\/2025\/08\/543682007.jpg\">     <img decoding=\"async\" alt=\"Auch Emma Stone ist am Lido unterwegs.\" src=\"https:\/\/www.europesays.com\/de\/wp-content\/uploads\/2025\/08\/543682007.jpg\" class=\"lazyload\"\/>  <\/a>  <\/p>\n<p class=\"article__aside__caption\">Auch Emma Stone ist am Lido unterwegs.<\/p>\n<p class=\"article__aside__copy\">(Foto: picture alliance \/ abaca)<\/p>\n<p>Kurz zuvor hatte Oscar-Preistr\u00e4gerin Emma Stone f\u00fcr Hollywood-Glamour in Venedig gesorgt. Sie ist Hauptdarstellerin im Wettbewerbsfilm &#8222;Bugonia&#8220;, dem neuen Film von Giorgos Lanthimos. Der griechische Regisseur hatte 2023 mit &#8222;Poor Things&#8220; Venedig in seinen Bann gezogen und den Hauptpreis gewonnen. Stone verk\u00f6rpert in &#8222;Bugonia&#8220; an der Seite von Jesse Plemons eine Unternehmenschefin, die von Verschw\u00f6rungstheoretikern gekidnappt wird.<\/p>\n<p>Er\u00f6ffnet wurde die 82. Auflage des Festivals vom neuen Film des Regisseurs Paolo Sorrentino. 21 Filme konkurrieren dieses Mal um den Goldenen L\u00f6wen.<\/p>\n","protected":false},"excerpt":{"rendered":"&#8222;Auch Filmstars werden krank&#8220; George Clooney l\u00e4sst in Venedig Termine platzen 28.08.2025, 17:15 Uhr Artikel anh\u00f6ren Diese Audioversion&hellip;\n","protected":false},"author":2,"featured_media":380042,"comment_status":"","ping_status":"","sticky":false,"template":"","format":"standard","meta":{"footnotes":""},"categories":[155],"tags":[29,214,92,42727,30,683,95,215,13239],"class_list":{"0":"post-380041","1":"post","2":"type-post","3":"status-publish","4":"format-standard","5":"has-post-thumbnail","7":"category-unterhaltung","8":"tag-deutschland","9":"tag-entertainment","10":"tag-film","11":"tag-george-clooney","12":"tag-germany","13":"tag-hollywood","14":"tag-kino","15":"tag-unterhaltung","16":"tag-venedig"},"share_on_mastodon":{"url":"https:\/\/pubeurope.com\/@de\/115107421789410933","error":""},"_links":{"self":[{"href":"https:\/\/www.europesays.com\/de\/wp-json\/wp\/v2\/posts\/380041","targetHints":{"allow":["GET"]}}],"collection":[{"href":"https:\/\/www.europesays.com\/de\/wp-json\/wp\/v2\/posts"}],"about":[{"href":"https:\/\/www.europesays.com\/de\/wp-json\/wp\/v2\/types\/post"}],"author":[{"embeddable":true,"href":"https:\/\/www.europesays.com\/de\/wp-json\/wp\/v2\/users\/2"}],"replies":[{"embeddable":true,"href":"https:\/\/www.europesays.com\/de\/wp-json\/wp\/v2\/comments?post=380041"}],"version-history":[{"count":0,"href":"https:\/\/www.europesays.com\/de\/wp-json\/wp\/v2\/posts\/380041\/revisions"}],"wp:featuredmedia":[{"embeddable":true,"href":"https:\/\/www.europesays.com\/de\/wp-json\/wp\/v2\/media\/380042"}],"wp:attachment":[{"href":"https:\/\/www.europesays.com\/de\/wp-json\/wp\/v2\/media?parent=380041"}],"wp:term":[{"taxonomy":"category","embeddable":true,"href":"https:\/\/www.europesays.com\/de\/wp-json\/wp\/v2\/categories?post=380041"},{"taxonomy":"post_tag","embeddable":true,"href":"https:\/\/www.europesays.com\/de\/wp-json\/wp\/v2\/tags?post=380041"}],"curies":[{"name":"wp","href":"https:\/\/api.w.org\/{rel}","templated":true}]}}