{"id":380058,"date":"2025-08-28T17:04:11","date_gmt":"2025-08-28T17:04:11","guid":{"rendered":"https:\/\/www.europesays.com\/de\/380058\/"},"modified":"2025-08-28T17:04:11","modified_gmt":"2025-08-28T17:04:11","slug":"galatasaray-kauft-monacos-singo-zweitteuerster-spieler-der-sueper-lig","status":"publish","type":"post","link":"https:\/\/www.europesays.com\/de\/380058\/","title":{"rendered":"Galatasaray kauft Monacos Singo \u2013 Zweitteuerster Spieler der S\u00fcper Lig"},"content":{"rendered":"<p>Nur Osimhen kostete mehr\u00a0<\/p>\n<p>                                    <img decoding=\"async\" src=\"https:\/\/www.europesays.com\/de\/wp-content\/uploads\/2025\/08\/wilfried-singo-monaco-2024-2025-1756128452-175786.jpg\" title=\"Galatasaray kauft Monacos Singo \u2013 Zweitteuerster Spieler der S\u00fcper Lig\" alt=\"Galatasaray kauft Monacos Singo \u2013 Zweitteuerster Spieler der S\u00fcper Lig\"\/><\/p>\n<p>\n                                       \u00a9IMAGO\n                                    <\/p>\n<p><a title=\"Galatasaray\" href=\"https:\/\/www.transfermarkt.de\/galatasaray\/startseite\/verein\/141\" target=\"_blank\" rel=\"noopener\">Galatasaray<\/a> hat wieder einen Gro\u00dftransfer verk\u00fcndet und setzt in der <a title=\"S\u00fcper Lig\" href=\"https:\/\/www.transfermarkt.de\/s-per-lig\/startseite\/wettbewerb\/TR1\" target=\"_blank\" rel=\"noopener\">S\u00fcper Lig<\/a> weiter neue Ma\u00dfst\u00e4be. Nach St\u00fcrmer <a title=\"Victor Osimhen\" href=\"https:\/\/www.transfermarkt.de\/victor-osimhen\/profil\/spieler\/401923\" target=\"_blank\" rel=\"noopener\">Victor Osimhen<\/a>\u00a0(26), den die Gelb-Roten in diesem Sommer zum teuersten Spieler der Liga gemacht haben, folgt <a title=\"Wilfried Singo\" href=\"https:\/\/www.transfermarkt.de\/wilfried-singo\/profil\/spieler\/648779\" target=\"_blank\" rel=\"noopener\">Wilfried Singo<\/a>\u00a0(24), der hinter Osimhen Platz zwei der teuersten Neuzug\u00e4nge und den Rang als teuerster Abwehrspieler aller t\u00fcrkischen Klubs einnimmt. Der Ivorer unterschrieb einen Vertrag bis 2030.<\/p>\n<p><\/p>\n<p>Singo kommt von der <a title=\"AS Monaco\" href=\"https:\/\/www.transfermarkt.de\/as-monaco\/startseite\/verein\/162\" target=\"_blank\" rel=\"noopener\">AS Monaco<\/a> und kostet nach offiziellen Angaben Galatasarays mehr als 30,7 Millionen Euro. Osimhen hatte sich im Juli mit 75 Mio. Euro, die die Istanbuler nach Leihe an die SSC Neapel zahlen, an die Spitze der\u00a0<a href=\"https:\/\/www.transfermarkt.de\/super-lig\/transferrekorde\/wettbewerb\/TR1\/plus\/\/galerie\/0?saison_id=alle&amp;land_id=alle&amp;ausrichtung=alle&amp;spielerposition_id=alle&amp;altersklasse=alle&amp;leihe=&amp;w_s=&amp;zuab=zu\" target=\"_blank\" rel=\"noopener\">teuersten Eink\u00e4ufe der S\u00fcper-Lig-Geschichte<\/a> gesetzt. F\u00fcr Singo leistet sich Gala ein garantiertes Gehalt von 4,8 Mio. Euro netto pro Jahr. Bei einem Weiterverkauf m\u00fcssten 10 Prozent des Transfergewinns nachtr\u00e4glich nach Monaco flie\u00dfen.<\/p>\n<p><\/p>\n<p>Im F\u00fcrstentum war Singo zwei Jahre lang aktiv, nachdem die ASM 2023 gut 9 Mio. an den FC Turin f\u00fcr den ivorischen Nationalspieler gezahlt hatte, der im letzten Jahr im Finale gegen Osimhens Nigerianer den Afrika-Cup gewann. Es ist <a href=\"https:\/\/www.transfermarkt.de\/transfers\/transferrekorde\/statistik\/top\/plus\/0\/galerie\/0?saison_id=alle&amp;land_id=38&amp;ausrichtung=&amp;spielerposition_id=&amp;altersklasse=&amp;jahrgang=0&amp;leihe=&amp;w_s=\" target=\"_blank\" rel=\"noopener\">das neunte Mal in der Fu\u00dfballgeschichte, dass f\u00fcr einen Profi von der Elfenbeink\u00fcste eine Abl\u00f6se jenseits der 30-Millionen-Marke gezahlt wird<\/a>. 60-mal hatte Singo f\u00fcr Monaco auf dem Platz gestanden. Zwei seiner vier Tore, die dem Innenverteidiger in dieser Zeit gelangen, erzielte er in seinen sechs Champions-League-Eins\u00e4tzen.<\/p>\n<p><\/p>\n","protected":false},"excerpt":{"rendered":"Nur Osimhen kostete mehr\u00a0 \u00a9IMAGO Galatasaray hat wieder einen Gro\u00dftransfer verk\u00fcndet und setzt in der S\u00fcper Lig weiter&hellip;\n","protected":false},"author":2,"featured_media":380059,"comment_status":"","ping_status":"","sticky":false,"template":"","format":"standard","meta":{"footnotes":""},"categories":[136],"tags":[23965,29,56797,30,4445,265,56796,102842],"class_list":{"0":"post-380058","1":"post","2":"type-post","3":"status-publish","4":"format-standard","5":"has-post-thumbnail","7":"category-sport","8":"tag-as-monaco","9":"tag-deutschland","10":"tag-galatasaray","11":"tag-germany","12":"tag-ligue-1","13":"tag-sport","14":"tag-sueper-lig","15":"tag-wilfried-singo"},"share_on_mastodon":{"url":"","error":""},"_links":{"self":[{"href":"https:\/\/www.europesays.com\/de\/wp-json\/wp\/v2\/posts\/380058","targetHints":{"allow":["GET"]}}],"collection":[{"href":"https:\/\/www.europesays.com\/de\/wp-json\/wp\/v2\/posts"}],"about":[{"href":"https:\/\/www.europesays.com\/de\/wp-json\/wp\/v2\/types\/post"}],"author":[{"embeddable":true,"href":"https:\/\/www.europesays.com\/de\/wp-json\/wp\/v2\/users\/2"}],"replies":[{"embeddable":true,"href":"https:\/\/www.europesays.com\/de\/wp-json\/wp\/v2\/comments?post=380058"}],"version-history":[{"count":0,"href":"https:\/\/www.europesays.com\/de\/wp-json\/wp\/v2\/posts\/380058\/revisions"}],"wp:featuredmedia":[{"embeddable":true,"href":"https:\/\/www.europesays.com\/de\/wp-json\/wp\/v2\/media\/380059"}],"wp:attachment":[{"href":"https:\/\/www.europesays.com\/de\/wp-json\/wp\/v2\/media?parent=380058"}],"wp:term":[{"taxonomy":"category","embeddable":true,"href":"https:\/\/www.europesays.com\/de\/wp-json\/wp\/v2\/categories?post=380058"},{"taxonomy":"post_tag","embeddable":true,"href":"https:\/\/www.europesays.com\/de\/wp-json\/wp\/v2\/tags?post=380058"}],"curies":[{"name":"wp","href":"https:\/\/api.w.org\/{rel}","templated":true}]}}