{"id":380088,"date":"2025-08-28T17:27:11","date_gmt":"2025-08-28T17:27:11","guid":{"rendered":"https:\/\/www.europesays.com\/de\/380088\/"},"modified":"2025-08-28T17:27:11","modified_gmt":"2025-08-28T17:27:11","slug":"cold-case-prozess-in-bochum-freispruch-erwartet","status":"publish","type":"post","link":"https:\/\/www.europesays.com\/de\/380088\/","title":{"rendered":"Cold-Case-Prozess in Bochum: Freispruch erwartet"},"content":{"rendered":"<p class=\"small date article__date\">Ver\u00f6ffentlicht:\u00a0Donnerstag, 28.08.2025 19:00<\/p>\n<p>Im Mordprozess um eine Tat vor 29 Jahren in Wattenscheid deutet alles auf einen Freispruch hin. Das Urteil soll am Freitag (29.8.) verk\u00fcndet werden.<\/p>\n<p><img decoding=\"async\" alt=\"Autos fahren vor dem Landgericht Bochum\" src=\"https:\/\/www.europesays.com\/de\/wp-content\/uploads\/2025\/08\/1756402031_985_20210307z5349.jpg&#038;crop=213x0x4298x2686&#038;resize=1280x799&#038;dt=202503271637410.jpeg\" data-size=\"1280x799\"\/>\u00a9 Olaf Ziegler \/ FUNKE Foto ServicesRechtsmedizinisches Gutachten entkr\u00e4ftet Mordvorwurf<\/p>\n<p>Das Landgericht Bochum hatte im Mordprozess um eine Tat aus dem Jahr 1996 in Wattenscheid am Dienstag (26.8.) die Beweisaufnahme geschlossen. Damit steht das Verfahren kurz vor dem Abschluss. Am Freitag (29.8.) sollen die Pl\u00e4doyers gehalten und das Urteil verk\u00fcndet werden. Bereits im Vorfeld deutet vieles auf einen Freispruch hin. Der Angeklagte, ein 59-j\u00e4hriger Mann, soll laut Staatsanwaltschaft im M\u00e4rz 1996 in Wattenscheid einen Mann mit 20 Messerstichen ermordet haben. Doch die Beweislage hat sich im Laufe des Verfahrens erheblich ver\u00e4ndert.<\/p>\n<p>Letzter Versuch der Staatsanwaltschaft gescheitert<\/p>\n<p>Ein Gutachten des Rechtsmediziners hat der Anklage das Mordmerkmal der Heimt\u00fccke genommen. Ohne dieses Merkmal kann kein Mord nachgewiesen werden. Zudem sind alle anderen in Frage kommenden Straftaten, wie etwa Totschlag, inzwischen verj\u00e4hrt. Nach Vorlage des Gutachtens wurde der Angeklagte aus der Untersuchungshaft entlassen. Die Staatsanwaltschaft musste zuletzt mehrere R\u00fcckschl\u00e4ge hinnehmen. Ein Beweisantrag scheiterte, und der urspr\u00fcngliche Anklagevertreter Andreas Bachmann zog sich aus dem Verfahren zur\u00fcck. Er \u00fcberlie\u00df die Schlussphase des Prozesses einer Vertretung.<\/p>\n","protected":false},"excerpt":{"rendered":"Ver\u00f6ffentlicht:\u00a0Donnerstag, 28.08.2025 19:00 Im Mordprozess um eine Tat vor 29 Jahren in Wattenscheid deutet alles auf einen Freispruch&hellip;\n","protected":false},"author":2,"featured_media":40954,"comment_status":"","ping_status":"","sticky":false,"template":"","format":"standard","meta":{"footnotes":""},"categories":[1839],"tags":[101859,7507,3364,29,30,1015,4933,1209,1269],"class_list":{"0":"post-380088","1":"post","2":"type-post","3":"status-publish","4":"format-standard","5":"has-post-thumbnail","7":"category-bochum","8":"tag-coldcase","9":"tag-bochum","10":"tag-de","11":"tag-deutschland","12":"tag-germany","13":"tag-justiz","14":"tag-landgericht","15":"tag-nordrhein-westfalen","16":"tag-prozess"},"share_on_mastodon":{"url":"https:\/\/pubeurope.com\/@de\/115107570983241025","error":""},"_links":{"self":[{"href":"https:\/\/www.europesays.com\/de\/wp-json\/wp\/v2\/posts\/380088","targetHints":{"allow":["GET"]}}],"collection":[{"href":"https:\/\/www.europesays.com\/de\/wp-json\/wp\/v2\/posts"}],"about":[{"href":"https:\/\/www.europesays.com\/de\/wp-json\/wp\/v2\/types\/post"}],"author":[{"embeddable":true,"href":"https:\/\/www.europesays.com\/de\/wp-json\/wp\/v2\/users\/2"}],"replies":[{"embeddable":true,"href":"https:\/\/www.europesays.com\/de\/wp-json\/wp\/v2\/comments?post=380088"}],"version-history":[{"count":0,"href":"https:\/\/www.europesays.com\/de\/wp-json\/wp\/v2\/posts\/380088\/revisions"}],"wp:featuredmedia":[{"embeddable":true,"href":"https:\/\/www.europesays.com\/de\/wp-json\/wp\/v2\/media\/40954"}],"wp:attachment":[{"href":"https:\/\/www.europesays.com\/de\/wp-json\/wp\/v2\/media?parent=380088"}],"wp:term":[{"taxonomy":"category","embeddable":true,"href":"https:\/\/www.europesays.com\/de\/wp-json\/wp\/v2\/categories?post=380088"},{"taxonomy":"post_tag","embeddable":true,"href":"https:\/\/www.europesays.com\/de\/wp-json\/wp\/v2\/tags?post=380088"}],"curies":[{"name":"wp","href":"https:\/\/api.w.org\/{rel}","templated":true}]}}