{"id":380162,"date":"2025-08-28T18:13:26","date_gmt":"2025-08-28T18:13:26","guid":{"rendered":"https:\/\/www.europesays.com\/de\/380162\/"},"modified":"2025-08-28T18:13:26","modified_gmt":"2025-08-28T18:13:26","slug":"auffaelliger-ausweis-mann-muss-ins-gefaengnis","status":"publish","type":"post","link":"https:\/\/www.europesays.com\/de\/380162\/","title":{"rendered":"Auff\u00e4lliger Ausweis \u2013 Mann muss ins Gef\u00e4ngnis"},"content":{"rendered":"<p>Kontrolle am Flughafen <\/p>\n<p>Auff\u00e4lliger Ausweis: Mann muss ins Gef\u00e4ngnis<\/p>\n<p>28.08.2025 &#8211; 16:57 UhrLesedauer: 1 Min.<\/p>\n<p><a href=\"#focus-0\" class=\"transition-colors duration-200 focus-within:text-magenta block text-current relative\" data-sctrack=\"FocusGalleryImage.Reference\"><img fetchpriority=\"high\" data-testid=\"Opener.Image\" style=\"--lqipURL:url('https:\/\/images.t-online.de\/2021\/05\/86788988v2\/0x111:1920x1077\/fit-in\/150x0\/filters:blur(25)\/eine-s-bahn-steht-im-bahnhof-flughafen-muenchen-archivfoto-dort-ist-am-mittwoch-ein-mann-verhaftet-worden.jpg')\"   loading=\"eager\" src=\"https:\/\/www.europesays.com\/de\/wp-content\/uploads\/2025\/08\/eine-s-bahn-steht-im-bahnhof-flughafen-muenchen-archivfoto-dort-ist-am-mittwoch-ein-mann-verhaftet-w.jpeg\" alt=\"Eine S-Bahn steht im Bahnhof &quot;Flughafen M\u00fcnchen&quot; (Archivfoto): Dort ist am Mittwoch ein Mann verhaftet worden.\" title=\"Eine S-Bahn steht im Bahnhof &quot;Flughafen M\u00fcnchen&quot; (Archivfoto): Dort ist am Mittwoch ein Mann verhaftet worden.\" width=\"1920\" height=\"1077\" class=\"bg-[url:var(--lqipURL)] bg-cover bg-center flex h-full w-full max-w-full\" decoding=\"async\"\/><img style=\"--width:32;--height:32\" loading=\"lazy\" src=\"https:\/\/muenchen.t-online.de\/s\/paper\/_next\/static\/media\/zoom-in.f7dae02f.svg\" alt=\"Vergr\u00f6\u00dfern des Bildes\" title=\"Vergr\u00f6\u00dfern des Bildes\" class=\"block h-[calc(var(--height)_\/_16_*_1rem)] w-[calc(var(--width)_\/_16_*_1rem)] max-w-none absolute bottom-8 right-8 rounded-4 bg-snow p-8\" decoding=\"async\"\/><\/a><\/p>\n<p>Eine S-Bahn steht im Bahnhof &#8222;Flughafen M\u00fcnchen&#8220; (Archivfoto): Dort ist am Mittwoch ein Mann verhaftet worden. (Quelle: picture alliance\/Markus Mainka)<\/p>\n<p class=\"font-bold text-18 leading-17\">Eine Kontrolle mit Folgen: Am M\u00fcnchner Flughafen ist der Polizei ein Identit\u00e4tsschwindler ins Netz gegangen. Der Mann hat mehrere Straftaten begangen.<\/p>\n<p class=\"text-18 leading-17\">Ein 30-j\u00e4hriger Gambier ist am Mittwoch am M\u00fcnchner Flughafen verhaftet worden. Er hatte mit einem gef\u00e4lschten spanischen Pass und einem fremden Bahnticket versucht, unentdeckt zu bleiben.<\/p>\n<p class=\"text-18 leading-17\">Die Bahn hatte zuvor die Bundespolizei \u00fcber einen Mann informiert, der das Bahnticket seiner Freundin genutzt hatte. Bei der Kontrolle legte er einen spanischen Reisepass vor, der jedoch als gestohlen ausgeschrieben war. Das eingeklebte Lichtbild stimmte zudem nicht mit der Person \u00fcberein \u2013 ein Urkundenspezialist best\u00e4tigte sp\u00e4ter die F\u00e4lschung.<\/p>\n<p class=\"text-18 leading-17\">\u00dcber Fingerabdr\u00fccke des Mannes konnte seine Identit\u00e4t gekl\u00e4rt werden \u2013 und damit wurde auch klar: Der Mann war mehrfach zur Fahndung ausgeschrieben.<\/p>\n<p class=\"text-18 leading-17\">Die Staatsanwaltschaft Landshut suchte ihn wegen Missbrauchs von Ausweispapieren, wof\u00fcr er laut der Bundespolizei eine Ersatzfreiheitsstrafe von 136 Tage verb\u00fc\u00dfen musste, und weil er offenbar mehrere tausend Euro illegal einbehalten hatte \u2013 die er dem Staat eigentlich h\u00e4tte zur\u00fcckzahlen m\u00fcssen.<\/p>\n<p class=\"text-18 leading-17\">Die Staatsanwaltschaft W\u00fcrzburg hatte den Mann zudem zur Fahndung ausgeschrieben, da er gegen ein Einreise- und Aufenthaltsverbot nach Deutschland versto\u00dfen hatte.<\/p>\n<p class=\"text-18 leading-17\">Gegen den Mann wurden daraufhin weitere Verfahren eingeleitet: Missbrauch von Ausweispapieren, unerlaubte Einreise und Aufenthalt, Betrug, Erschleichen von Leistungen und unerlaubte Besch\u00e4ftigungsaus\u00fcbung. Da er die von den Beh\u00f6rden geforderte Ersatzgeldstrafe nicht zahlen konnte, wurde er noch am Mittwoch in die JVA Erding eingeliefert.<\/p>\n","protected":false},"excerpt":{"rendered":"Kontrolle am Flughafen Auff\u00e4lliger Ausweis: Mann muss ins Gef\u00e4ngnis 28.08.2025 &#8211; 16:57 UhrLesedauer: 1 Min. Eine S-Bahn steht&hellip;\n","protected":false},"author":2,"featured_media":380163,"comment_status":"","ping_status":"","sticky":false,"template":"","format":"standard","meta":{"footnotes":""},"categories":[1827],"tags":[3176,11006,772,421,29,2109,10647,30,1268,121,1997,14453],"class_list":{"0":"post-380162","1":"post","2":"type-post","3":"status-publish","4":"format-standard","5":"has-post-thumbnail","7":"category-muenchen","8":"tag-3176","9":"tag-ausweis","10":"tag-bayern","11":"tag-bundespolizei","12":"tag-deutschland","13":"tag-flughafen","14":"tag-flughafen-muenchen","15":"tag-germany","16":"tag-muenchen","17":"tag-polizei","18":"tag-staatsanwaltschaft","19":"tag-straftat"},"share_on_mastodon":{"url":"https:\/\/pubeurope.com\/@de\/115107752061215128","error":""},"_links":{"self":[{"href":"https:\/\/www.europesays.com\/de\/wp-json\/wp\/v2\/posts\/380162","targetHints":{"allow":["GET"]}}],"collection":[{"href":"https:\/\/www.europesays.com\/de\/wp-json\/wp\/v2\/posts"}],"about":[{"href":"https:\/\/www.europesays.com\/de\/wp-json\/wp\/v2\/types\/post"}],"author":[{"embeddable":true,"href":"https:\/\/www.europesays.com\/de\/wp-json\/wp\/v2\/users\/2"}],"replies":[{"embeddable":true,"href":"https:\/\/www.europesays.com\/de\/wp-json\/wp\/v2\/comments?post=380162"}],"version-history":[{"count":0,"href":"https:\/\/www.europesays.com\/de\/wp-json\/wp\/v2\/posts\/380162\/revisions"}],"wp:featuredmedia":[{"embeddable":true,"href":"https:\/\/www.europesays.com\/de\/wp-json\/wp\/v2\/media\/380163"}],"wp:attachment":[{"href":"https:\/\/www.europesays.com\/de\/wp-json\/wp\/v2\/media?parent=380162"}],"wp:term":[{"taxonomy":"category","embeddable":true,"href":"https:\/\/www.europesays.com\/de\/wp-json\/wp\/v2\/categories?post=380162"},{"taxonomy":"post_tag","embeddable":true,"href":"https:\/\/www.europesays.com\/de\/wp-json\/wp\/v2\/tags?post=380162"}],"curies":[{"name":"wp","href":"https:\/\/api.w.org\/{rel}","templated":true}]}}