{"id":38021,"date":"2025-04-17T02:24:03","date_gmt":"2025-04-17T02:24:03","guid":{"rendered":"https:\/\/www.europesays.com\/de\/38021\/"},"modified":"2025-04-17T02:24:03","modified_gmt":"2025-04-17T02:24:03","slug":"talsperren-in-wuppertal-sind-gut-gefuellt","status":"publish","type":"post","link":"https:\/\/www.europesays.com\/de\/38021\/","title":{"rendered":"Talsperren in Wuppertal sind gut gef\u00fcllt"},"content":{"rendered":"<p class=\"text_ohne_einzug richtext text-em-55 !leading-serif mx-6 desktop:mx-0\">Trotz der zur\u00fcckliegenden sehr trockenen Monate Februar und M\u00e4rz verzeichnet der Wupperverband aktuell keine Probleme bei der Versorgung mit Trinkwasser. Die drei als Trinkwasserspeicher genutzten Talsperren Gro\u00dfe Dh\u00fcnntal, Kerspe und Herbringhausen seien nach dem regenreichen Jahr 2024 weiterhin gut gef\u00fcllt, sagte der Gesch\u00e4ftsbereichsleiter Technik und Flussgebietsmanagement des Wupperverbandes, Thomas Klein, am Mittwoch im Rahmen einer Pressekonferenz des Deutschen Vereins des Gas- und Wasserfaches (DVGW).<\/p>\n","protected":false},"excerpt":{"rendered":"Trotz der zur\u00fcckliegenden sehr trockenen Monate Februar und M\u00e4rz verzeichnet der Wupperverband aktuell keine Probleme bei der Versorgung&hellip;\n","protected":false},"author":2,"featured_media":38022,"comment_status":"","ping_status":"","sticky":false,"template":"","format":"standard","meta":{"footnotes":""},"categories":[1840],"tags":[15025,3364,29,19817,19812,30,19816,5544,19818,19815,19814,1209,8071,5028,11558,4418,19813],"class_list":{"0":"post-38021","1":"post","2":"type-post","3":"status-publish","4":"format-standard","5":"has-post-thumbnail","7":"category-wuppertal","8":"tag-talsperre","9":"tag-de","10":"tag-deutschland","11":"tag-dvgw","12":"tag-gefuellt","13":"tag-germany","14":"tag-herbringhausen","15":"tag-infrastruktur","16":"tag-infrastrukturfonds","17":"tag-kerspe","18":"tag-merkel","19":"tag-nordrhein-westfalen","20":"tag-talsperren","21":"tag-versorgung","22":"tag-wasserversorgung","23":"tag-wuppertal","24":"tag-wupperverband"},"share_on_mastodon":{"url":"https:\/\/pubeurope.com\/@de\/114350932870184038","error":""},"_links":{"self":[{"href":"https:\/\/www.europesays.com\/de\/wp-json\/wp\/v2\/posts\/38021","targetHints":{"allow":["GET"]}}],"collection":[{"href":"https:\/\/www.europesays.com\/de\/wp-json\/wp\/v2\/posts"}],"about":[{"href":"https:\/\/www.europesays.com\/de\/wp-json\/wp\/v2\/types\/post"}],"author":[{"embeddable":true,"href":"https:\/\/www.europesays.com\/de\/wp-json\/wp\/v2\/users\/2"}],"replies":[{"embeddable":true,"href":"https:\/\/www.europesays.com\/de\/wp-json\/wp\/v2\/comments?post=38021"}],"version-history":[{"count":0,"href":"https:\/\/www.europesays.com\/de\/wp-json\/wp\/v2\/posts\/38021\/revisions"}],"wp:featuredmedia":[{"embeddable":true,"href":"https:\/\/www.europesays.com\/de\/wp-json\/wp\/v2\/media\/38022"}],"wp:attachment":[{"href":"https:\/\/www.europesays.com\/de\/wp-json\/wp\/v2\/media?parent=38021"}],"wp:term":[{"taxonomy":"category","embeddable":true,"href":"https:\/\/www.europesays.com\/de\/wp-json\/wp\/v2\/categories?post=38021"},{"taxonomy":"post_tag","embeddable":true,"href":"https:\/\/www.europesays.com\/de\/wp-json\/wp\/v2\/tags?post=38021"}],"curies":[{"name":"wp","href":"https:\/\/api.w.org\/{rel}","templated":true}]}}