{"id":380215,"date":"2025-08-28T18:50:08","date_gmt":"2025-08-28T18:50:08","guid":{"rendered":"https:\/\/www.europesays.com\/de\/380215\/"},"modified":"2025-08-28T18:50:08","modified_gmt":"2025-08-28T18:50:08","slug":"ricarda-lang-in-moenchengladbach","status":"publish","type":"post","link":"https:\/\/www.europesays.com\/de\/380215\/","title":{"rendered":"Ricarda Lang in M\u00f6nchengladbach:"},"content":{"rendered":"<p class=\"text_ohne_einzug richtext text-em-55 !leading-serif mx-6 desktop:mx-0\"><a href=\"https:\/\/rp-online.de\/thema\/ricarda-lang\/\" rel=\"nofollow noopener\" target=\"_blank\">Ricarda Lang<\/a> steigt direkt mit einem kommunalen Thema ein: Es geht um den Reha-Verein in <a href=\"https:\/\/rp-online.de\/thema\/moenchengladbach\/\" rel=\"nofollow noopener\" target=\"_blank\">M\u00f6nchengladbach<\/a>, genauer gesagt um dessen Tochter, die \u201eIntres gGmbH\u201c. Die AfD hat laut eigenen Angaben gegen eben jene Firma eine \u201eAnzeige beim Finanzamt zur \u00dcberpr\u00fcfung der Gemeinn\u00fctzigkeit\u201c eingereicht, Kostenpflichtiger Inhalt <a href=\"https:\/\/rp-online.de\/nrw\/staedte\/moenchengladbach\/afd-moenchengladbach-will-reha-verein-beim-finanzamt-anzeigen_aid-131374155\" rel=\"nofollow noopener\" target=\"_blank\">weil sie sich von einer Wahlveranstaltung ausgeschlossen sieht.<\/a> \u201eSo etwas erleben wir leider bundesweit\u201c, sagt Lang. \u201eDass gerade die AfD gegen zivilgesellschaftliche Organisationen vorgeht, die sich f\u00fcr die Demokratie einsetzen.\u201c Sie gibt an: \u201eWir versprechen aber auch, dass wir da hinter euch stehen.\u201c<\/p>\n","protected":false},"excerpt":{"rendered":"Ricarda Lang steigt direkt mit einem kommunalen Thema ein: Es geht um den Reha-Verein in M\u00f6nchengladbach, genauer gesagt&hellip;\n","protected":false},"author":2,"featured_media":380216,"comment_status":"","ping_status":"","sticky":false,"template":"","format":"standard","meta":{"footnotes":""},"categories":[1849],"tags":[3364,29,548,663,3934,30,40245,13,102868,44070,8192,102869,102867,102866,4455,14,15,1209,18389,12,12468],"class_list":{"0":"post-380215","1":"post","2":"type-post","3":"status-publish","4":"format-standard","5":"has-post-thumbnail","7":"category-moenchengladbach","8":"tag-de","9":"tag-deutschland","10":"tag-eu","11":"tag-europa","12":"tag-europe","13":"tag-germany","14":"tag-ggmbh","15":"tag-headlines","16":"tag-intres","17":"tag-kritische","18":"tag-kuchen","19":"tag-kulturkueche","20":"tag-kunkel","21":"tag-laws","22":"tag-moenchengladbach","23":"tag-nachrichten","24":"tag-news","25":"tag-nordrhein-westfalen","26":"tag-ricarda","27":"tag-schlagzeilen","28":"tag-tochter"},"share_on_mastodon":{"url":"https:\/\/pubeurope.com\/@de\/115107897291924184","error":""},"_links":{"self":[{"href":"https:\/\/www.europesays.com\/de\/wp-json\/wp\/v2\/posts\/380215","targetHints":{"allow":["GET"]}}],"collection":[{"href":"https:\/\/www.europesays.com\/de\/wp-json\/wp\/v2\/posts"}],"about":[{"href":"https:\/\/www.europesays.com\/de\/wp-json\/wp\/v2\/types\/post"}],"author":[{"embeddable":true,"href":"https:\/\/www.europesays.com\/de\/wp-json\/wp\/v2\/users\/2"}],"replies":[{"embeddable":true,"href":"https:\/\/www.europesays.com\/de\/wp-json\/wp\/v2\/comments?post=380215"}],"version-history":[{"count":0,"href":"https:\/\/www.europesays.com\/de\/wp-json\/wp\/v2\/posts\/380215\/revisions"}],"wp:featuredmedia":[{"embeddable":true,"href":"https:\/\/www.europesays.com\/de\/wp-json\/wp\/v2\/media\/380216"}],"wp:attachment":[{"href":"https:\/\/www.europesays.com\/de\/wp-json\/wp\/v2\/media?parent=380215"}],"wp:term":[{"taxonomy":"category","embeddable":true,"href":"https:\/\/www.europesays.com\/de\/wp-json\/wp\/v2\/categories?post=380215"},{"taxonomy":"post_tag","embeddable":true,"href":"https:\/\/www.europesays.com\/de\/wp-json\/wp\/v2\/tags?post=380215"}],"curies":[{"name":"wp","href":"https:\/\/api.w.org\/{rel}","templated":true}]}}