{"id":380217,"date":"2025-08-28T18:51:19","date_gmt":"2025-08-28T18:51:19","guid":{"rendered":"https:\/\/www.europesays.com\/de\/380217\/"},"modified":"2025-08-28T18:51:19","modified_gmt":"2025-08-28T18:51:19","slug":"a43-im-kreuz-herne-fuer-ein-wochenende-voll-gesperrt","status":"publish","type":"post","link":"https:\/\/www.europesays.com\/de\/380217\/","title":{"rendered":"A43 im Kreuz Herne f\u00fcr ein Wochenende voll gesperrt"},"content":{"rendered":"<p class=\"expressive-copy-lg-body\">Die Autobahn Westfalen <a href=\"https:\/\/www.waz.de\/lokales\/herne-wanne-eickel\/article404184748\/a43-ausbau-in-herne-alle-informationen-zur-baustelle.html\" data-category-full-path=\"https:\/\/www.waz.de\/lokales\/herne-wanne-eickel\/\" data-paid-status=\"free\" data-article-publish-date=\"1751104086\" rel=\"nofollow noopener\" target=\"_blank\">erneuert die Br\u00fccken im Kreuz Herne \u00fcber der A43<\/a>. F\u00fcr den Abriss von zwei der vier Br\u00fccken werde <a href=\"https:\/\/www.waz.de\/lokales\/a43\/\" target=\"_blank\" rel=\"nofollow noopener\">die A43<\/a> nun von Freitag, 12.9. September, ab 19.30 bis Montag, 15. September, um 5 Uhr zwischen Bochum-Riemke und dem Kreuz Recklinghausen in beiden Fahrtrichtungen gesperrt, teilt das Unternehmen mit. Die Umleitung f\u00fchre gro\u00dfr\u00e4umig \u00fcber die A40, die A45 und die A2.<\/p>\n<p>   Herne-Newsletter: Jetzt kostenlos anmelden!<\/p>\n<p class=\"text-body2 mt-2\">Nachrichten, Service, Reportagen: Jeden Tag wissen, was in unserer Stadt los ist.<\/p>\n<p class=\"text-caption text-copy-secondary\">\n          Mit meiner Anmeldung zum Newsletter stimme ich der<br \/>\n          <a href=\"https:\/\/www.waz.de\/services\/newsletter-adconsent\" class=\"text-overline text-copy-accent-negative dark:underline\" rel=\"nofollow noopener\" target=\"_blank\">Werbevereinbarung<\/a><br \/>\n          zu.\n        <\/p>\n<p class=\"expressive-copy-lg-body\">Zudem werde am Samstag, 13. September, die Anschlussstelle Herne-Baukau in Fahrtrichtung Dortmund wegen Sanierungsarbeiten von 8 bis 20 Uhr gesperrt. Hier f\u00fchre die Umleitung \u00fcber die Anschlussstelle Herne-Horsthausen. In dieser Zeit sei au\u00dferdem auf der A42 in Fahrtrichtung Dortmund nur ein Fahrstreifen frei.<\/p>\n<p>    Weitere Nachrichten aus Herne &#8211; Lesen Sie auch:<\/p>\n<p class=\"expressive-copy-lg-body\">Die Autobahn Westfalen baue die Br\u00fccken im Kreuz <a href=\"https:\/\/www.waz.de\/lokales\/herne-wanne-eickel\/article409294349\/a43-in-herne-autobahn-bruecke-entsteht-im-expresstempo.html\" data-category-full-path=\"https:\/\/www.waz.de\/lokales\/herne-wanne-eickel\/\" data-paid-status=\"premium\" data-article-publish-date=\"1750258868\" rel=\"nofollow noopener\" target=\"_blank\">in innovativer Schnellbauweise<\/a>, die erste Br\u00fccke ist bereits in Rekordzeit fertiggestellt worden: Der Abriss war im Mai erfolgt, Mitte August war Verkehrsfreigabe, hei\u00dft es.<\/p>\n<p>    Auch interessant<\/p>\n<p>    <img decoding=\"async\" src=\"https:\/\/www.europesays.com\/de\/wp-content\/uploads\/2025\/08\/409785236_1755604097_v1_1_200.jpeg\" class=\"block w-full object-cover relative z-10 aspect-[1\/1] \" alt=\"Im Herner Kreuz war der neue Tunnel Baukau noch am Er\u00f6ffnungstag kurzfristig wieder gesperrt.\" title=\"Im Herner Kreuz war der neue Tunnel Baukau noch am Er\u00f6ffnungstag kurzfristig wieder gesperrt.\" loading=\"lazy\"\/><\/p>\n<p class=\"expressive-copy-lg-body\">Hinweis von Autobahn Westfalen: \u201eDerzeit wird der Verkehr auf der A42 wegen des anstehenden Abrisses \u00fcber die s\u00fcdlichste Br\u00fccke im Kreuz gef\u00fchrt, wodurch Verkehrsteilnehmer ein kurzes St\u00fcck in die Parallelfahrbahn geleitet werden, dann aber wieder auf die A42 gelangen.\u201c<\/p>\n","protected":false},"excerpt":{"rendered":"Die Autobahn Westfalen erneuert die Br\u00fccken im Kreuz Herne \u00fcber der A43. F\u00fcr den Abriss von zwei der&hellip;\n","protected":false},"author":2,"featured_media":314138,"comment_status":"","ping_status":"","sticky":false,"template":"","format":"standard","meta":{"footnotes":""},"categories":[1848],"tags":[3364,29,548,663,3934,3658,30,13,14,15,1209,12],"class_list":{"0":"post-380217","1":"post","2":"type-post","3":"status-publish","4":"format-standard","5":"has-post-thumbnail","7":"category-gelsenkirchen","8":"tag-de","9":"tag-deutschland","10":"tag-eu","11":"tag-europa","12":"tag-europe","13":"tag-gelsenkirchen","14":"tag-germany","15":"tag-headlines","16":"tag-nachrichten","17":"tag-news","18":"tag-nordrhein-westfalen","19":"tag-schlagzeilen"},"share_on_mastodon":{"url":"https:\/\/pubeurope.com\/@de\/115107901316019927","error":""},"_links":{"self":[{"href":"https:\/\/www.europesays.com\/de\/wp-json\/wp\/v2\/posts\/380217","targetHints":{"allow":["GET"]}}],"collection":[{"href":"https:\/\/www.europesays.com\/de\/wp-json\/wp\/v2\/posts"}],"about":[{"href":"https:\/\/www.europesays.com\/de\/wp-json\/wp\/v2\/types\/post"}],"author":[{"embeddable":true,"href":"https:\/\/www.europesays.com\/de\/wp-json\/wp\/v2\/users\/2"}],"replies":[{"embeddable":true,"href":"https:\/\/www.europesays.com\/de\/wp-json\/wp\/v2\/comments?post=380217"}],"version-history":[{"count":0,"href":"https:\/\/www.europesays.com\/de\/wp-json\/wp\/v2\/posts\/380217\/revisions"}],"wp:featuredmedia":[{"embeddable":true,"href":"https:\/\/www.europesays.com\/de\/wp-json\/wp\/v2\/media\/314138"}],"wp:attachment":[{"href":"https:\/\/www.europesays.com\/de\/wp-json\/wp\/v2\/media?parent=380217"}],"wp:term":[{"taxonomy":"category","embeddable":true,"href":"https:\/\/www.europesays.com\/de\/wp-json\/wp\/v2\/categories?post=380217"},{"taxonomy":"post_tag","embeddable":true,"href":"https:\/\/www.europesays.com\/de\/wp-json\/wp\/v2\/tags?post=380217"}],"curies":[{"name":"wp","href":"https:\/\/api.w.org\/{rel}","templated":true}]}}