{"id":380240,"date":"2025-08-28T19:05:14","date_gmt":"2025-08-28T19:05:14","guid":{"rendered":"https:\/\/www.europesays.com\/de\/380240\/"},"modified":"2025-08-28T19:05:14","modified_gmt":"2025-08-28T19:05:14","slug":"merz-russland-testet-unsere-verteidigungsbereitschaft","status":"publish","type":"post","link":"https:\/\/www.europesays.com\/de\/380240\/","title":{"rendered":"Merz: Russland testet unsere Verteidigungsbereitschaft!"},"content":{"rendered":"\n<p><strong>Antrittsbesuch bei der Marine. Der Bundeskanzler kommt mit dem Hubschrauber auf die Fregatte. Die kleinste Teilstreitkraft der Bundeswehr sei von gro\u00dfer Bedeutung, so Friedrich Merz.<\/strong><\/p>\n<p>Bundeskanzler Friedrich Merz (CDU) hat die Bereitschaft der Bundesregierung bekr\u00e4ftigt, die Bundeswehr und deren Teilstreitkr\u00e4fte auch in Zukunft massiv zu unterst\u00fctzen. \u201eWir sehen t\u00e4gliche Aktionen der russischen Armee. Sie testen unsere Verteidigungsbereitschaft und unsere Verteidigungsf\u00e4higkeit\u201c, sagte Merz bei seinem Antrittsbesuch bei der Marine an Bord der Fregatte \u201eBayern\u201c im Seegebiet vor Warnem\u00fcnde.\u00a0<\/p>\n<p>\u201eUnd deshalb will ich sagen, wir werden in den n\u00e4chsten Monaten und in den n\u00e4chsten Jahren alles tun, die Freiheit, den Frieden und die territoriale Integrit\u00e4t des B\u00fcndnisgebietes zu sch\u00fctzen\u201c, so der Kanzler. Die Landes- und B\u00fcndnisverteidigung sei seit Beginn des russischen Angriffskrieges gegen die Ukraine im Februar 2022 notwendiger geworden.\u00a0<\/p>\n<p>Die Deutsche Marine z\u00e4hlt etwa 15.300 Soldatinnen und Soldaten<\/p>\n<p>Merz hatte zuvor in Rostock im Marinekommando mit Marineinspekteur Jan Christian Kaack gesprochen und das neue nationale Hauptquartier \u201eCommander Task Force Baltic\u201c (CTF) besichtigt. Das 2024 gegr\u00fcndete CTF plant maritime Operationen und \u00dcbungsvorhaben und f\u00fchrt von der Nato zugeteilte Seestreitkr\u00e4fte in Frieden, Krise und Krieg. Die Deutsche Marine z\u00e4hlt etwa 15.300 Soldatinnen und Soldaten. Sie ist nach der Luftwaffe (28.000) und dem Heer (63.000) die kleinste Teilstreitkraft der Bundeswehr.\u00a0<\/p>\n<p><strong>Das k\u00f6nnte Sie auch interessieren:<\/strong> <a href=\"https:\/\/www.mopo.de\/hamburg\/politik\/luft-nach-oben-hamburgs-cdu-chef-kritisiert-merz-ueberraschend-scharf\/\" rel=\"nofollow noopener\" target=\"_blank\">\u201eLuft nach oben\u201c: Hamburgs CDU-Chef kritisiert Merz \u00fcberraschend scharf<\/a><\/p>\n<p>Merz flog mit dem Hubschrauber von der Fregatte zur\u00fcck an Land. Er reist anschlie\u00dfend nach Frankreich, wo er in Toulon mit dem franz\u00f6sischen Pr\u00e4sidenten Emmanuel Macron zu Abend isst. (dpa\/mp)<\/p>\n<p> <img decoding=\"async\" class=\"vg_wort_pixel\" src=\"https:\/\/www.europesays.com\/de\/wp-content\/uploads\/2025\/08\/vgzm.1021513-mopo-1625741.gif\" alt=\"\" style=\"width: 1px; height: 1px; position: absolute; pointer-events: none;\"\/><\/p>\n","protected":false},"excerpt":{"rendered":"Antrittsbesuch bei der Marine. Der Bundeskanzler kommt mit dem Hubschrauber auf die Fregatte. Die kleinste Teilstreitkraft der Bundeswehr&hellip;\n","protected":false},"author":2,"featured_media":380241,"comment_status":"","ping_status":"","sticky":false,"template":"","format":"standard","meta":{"footnotes":""},"categories":[4013],"tags":[331,332,13,14,15,4043,4044,850,307,12],"class_list":{"0":"post-380240","1":"post","2":"type-post","3":"status-publish","4":"format-standard","5":"has-post-thumbnail","7":"category-russland","8":"tag-aktuelle-nachrichten","9":"tag-aktuelle-news","10":"tag-headlines","11":"tag-nachrichten","12":"tag-news","13":"tag-russia","14":"tag-russian-federation","15":"tag-russische-foederation","16":"tag-russland","17":"tag-schlagzeilen"},"share_on_mastodon":{"url":"https:\/\/pubeurope.com\/@de\/115107956585546728","error":""},"_links":{"self":[{"href":"https:\/\/www.europesays.com\/de\/wp-json\/wp\/v2\/posts\/380240","targetHints":{"allow":["GET"]}}],"collection":[{"href":"https:\/\/www.europesays.com\/de\/wp-json\/wp\/v2\/posts"}],"about":[{"href":"https:\/\/www.europesays.com\/de\/wp-json\/wp\/v2\/types\/post"}],"author":[{"embeddable":true,"href":"https:\/\/www.europesays.com\/de\/wp-json\/wp\/v2\/users\/2"}],"replies":[{"embeddable":true,"href":"https:\/\/www.europesays.com\/de\/wp-json\/wp\/v2\/comments?post=380240"}],"version-history":[{"count":0,"href":"https:\/\/www.europesays.com\/de\/wp-json\/wp\/v2\/posts\/380240\/revisions"}],"wp:featuredmedia":[{"embeddable":true,"href":"https:\/\/www.europesays.com\/de\/wp-json\/wp\/v2\/media\/380241"}],"wp:attachment":[{"href":"https:\/\/www.europesays.com\/de\/wp-json\/wp\/v2\/media?parent=380240"}],"wp:term":[{"taxonomy":"category","embeddable":true,"href":"https:\/\/www.europesays.com\/de\/wp-json\/wp\/v2\/categories?post=380240"},{"taxonomy":"post_tag","embeddable":true,"href":"https:\/\/www.europesays.com\/de\/wp-json\/wp\/v2\/tags?post=380240"}],"curies":[{"name":"wp","href":"https:\/\/api.w.org\/{rel}","templated":true}]}}