{"id":380269,"date":"2025-08-28T19:22:12","date_gmt":"2025-08-28T19:22:12","guid":{"rendered":"https:\/\/www.europesays.com\/de\/380269\/"},"modified":"2025-08-28T19:22:12","modified_gmt":"2025-08-28T19:22:12","slug":"manuel-neuer-und-miroslav-klose-erleben-handball-spektakel-in-nuernberg-sportmix","status":"publish","type":"post","link":"https:\/\/www.europesays.com\/de\/380269\/","title":{"rendered":"Manuel Neuer und Miroslav Klose erleben Handball-Spektakel in N\u00fcrnberg | Sportmix"},"content":{"rendered":"<p><b>Prominenter Besuch am 1. Spieltag der Daikin <\/b><a href=\"https:\/\/sportbild.bild.de\/sportmix\/handball\/handball\/home-49760070.sport.html\" class=\"text-link\" rel=\"nofollow noopener\" target=\"_blank\"><b>Handball<\/b><\/a><b>-Bundesliga!<\/b><\/p>\n<p>Beim 31:29-Sieg von Pokalsieger THW Kiel beim HC Erlangen sitzen gleich zwei Fu\u00dfball-Weltmeister im Publikum in N\u00fcrnberg\u00a0\u2013 und ein bayerischer Minister!<\/p>\n<p><b>Bayern-Superstar Manuel Neuer schaut am Donnerstagabend das Spiel zusammen mit seiner Frau Anika, die Tochter vom Erlanger Aufsichtsrats-Boss Dr. Carsten Bissel und Schwester von HC-Spieler Christopher Bissel (macht sechs Tore).<\/b><\/p>\n<p>Mehr zum Thema<\/p>\n<p>Neben den beiden sitzt Joachim Herrmann, der bayerische Innenminister. Und auch Miroslav Klose, Trainer beim Fu\u00dfball-Zweitligisten 1.\u00a0FC N\u00fcrnberg, ist im Publikum dabei. Zusammen mit Neuer wurde der ehemalige Top-Torj\u00e4ger 2014 Weltmeister in Brasilien.<\/p>\n<p><img decoding=\"async\" width=\"992\" height=\"1178\" alt=\"Miro Klose ist Trainer beim Fu\u00dfball-Zweitligisten N\u00fcrnberg\" src=\"https:\/\/www.europesays.com\/de\/wp-content\/uploads\/2025\/08\/15d36e510d05b384829244c93a0b1a77,abe34643\"   class=\"portrait\" loading=\"lazy\"\/><\/p>\n<p class=\"fig__caption__text\">Miro Klose ist Trainer beim Fu\u00dfball-Zweitligisten N\u00fcrnberg<\/p>\n<p>Foto: Dyn<\/p>\n<p>In der ersten Halbzeit erleben sie fast ein Handball-Wunder. Pl\u00f6tzlich liegen die Erlanger, die in der vergangenen Saison fast abgestiegen w\u00e4ren, mit vier Toren vorn! 12:8 in der 25. Minute! Favorit Kiel kann durch einen 4:0-Lauf ausgleichen.<\/p>\n<p>Bayern-Star in der Halle: Manuel Neuer beim Start der Handball-Bundesliga<\/p>\n<p><b>Doch dann passiert DAS!<\/b><\/p>\n<p>Erlangens Vigg\u00f3 Kristj\u00e1nsson feuert den Ball in der hei\u00dfen Schlussphase der ersten H\u00e4lfte aufs leere Tor der Kieler. Das Leder zappelt im Netz, die Sirene t\u00f6nt\u00a0\u2013 Tor oder kein Tor? Ist die Zeit abgelaufen gewesen?<\/p>\n<p><b>Der Video-Beweis muss die Situation kl\u00e4ren!<\/b><\/p>\n<p>Die Schiris schauen sich die Szene mehrere Minuten an. Pl\u00f6tzlich steht Kiels Torwart Andy Wolff neben ihnen und schaut auch auf den Monitor. Das ist verboten. Der Nationalspieler wird schnell weggeschickt von den Unparteiischen, die kurz darauf auf Tor entscheiden. Mit 13:12 f\u00fcr Erlangen geht es in die Pause.<\/p>\n<p>Standing Ovations!: Boris Beckers emotionaler Moment<a href=\"https:\/\/sportbild.bild.de\/sport-bild-award\/standing-ovations-boris-beckers-emotionaler-moment-68accb701fd1857baa2a97aa\" class=\"anchor\" rel=\"nofollow noopener\" target=\"_blank\"><img decoding=\"async\" width=\"992\" height=\"558\" alt=\"Teaser-Bild\" src=\"https:\/\/www.europesays.com\/de\/wp-content\/uploads\/2025\/08\/1756408932_704_0b1babf74a6211a3aa50c851a3f6ef25,2473a970\"   class=\"landscape teaser__image\" loading=\"lazy\"\/><\/a><\/p>\n<p>Quelle: BILD25.08.2025<\/p>\n<p><b>Schreck f\u00fcr Kiel:<\/b> Lukas Zerbe verletzt sich in der ersten Halbzeit am Kn\u00f6chel, muss vom Parkett getragen werden.<\/p>\n<p>Nach Wiederbeginn ist es eine klare Sache f\u00fcr die Kieler, die nach einem schwachen Start doch noch die Kurve kriegen und den Sieg einfahren. Beim 15:20 (39.) scheint bereits alles klar. Denkste! Der HC kann nicht abgesch\u00fcttelt werden, bleibt immer gef\u00e4hrlich.<\/p>\n<p><b>Aufreger in der 48. Minute: <\/b>Bei einer Abwehraktion klatscht Kiels Domagoj Duvnjak seinem Gegenspieler Antonio Metzner die Hand ins Gesicht. Zwei-Minuten nach Video-Studie!<\/p>\n<p><b>Emil Wernsdorf Madsen ist mit acht Treffern bester Werfer der Kieler.<\/b><\/p>\n<p><a class=\"article-image__anchor\" href=\"https:\/\/www.dyn.sport\/sport_handball\" target=\"_blank\" rel=\"noopener nofollow\"><img decoding=\"async\" width=\"992\" height=\"84\" alt=\"Teaser-Bild\" src=\"https:\/\/www.europesays.com\/de\/wp-content\/uploads\/2025\/08\/b3b848c06cf3a9d3b03f0628d9ae8e24,143d11ab\"   class=\"dynamic\" loading=\"lazy\"\/><\/a><\/p>\n<p>Foto: BILD<\/p>\n","protected":false},"excerpt":{"rendered":"Prominenter Besuch am 1. Spieltag der Daikin Handball-Bundesliga! Beim 31:29-Sieg von Pokalsieger THW Kiel beim HC Erlangen sitzen&hellip;\n","protected":false},"author":2,"featured_media":380270,"comment_status":"","ping_status":"","sticky":false,"template":"","format":"standard","meta":{"footnotes":""},"categories":[1837],"tags":[772,3364,29,1932,458,30,1391,5009,44077,18552,9662,3783,45],"class_list":{"0":"post-380269","1":"post","2":"type-post","3":"status-publish","4":"format-standard","5":"has-post-thumbnail","7":"category-nuernberg","8":"tag-bayern","9":"tag-de","10":"tag-deutschland","11":"tag-dyn-handball","12":"tag-fc-bayern-muenchen","13":"tag-germany","14":"tag-handball","15":"tag-hbl","16":"tag-hc-erlangen","17":"tag-neuer-manuel","18":"tag-no-sport-app","19":"tag-nuernberg","20":"tag-texttospeech"},"share_on_mastodon":{"url":"https:\/\/pubeurope.com\/@de\/115108023568341696","error":""},"_links":{"self":[{"href":"https:\/\/www.europesays.com\/de\/wp-json\/wp\/v2\/posts\/380269","targetHints":{"allow":["GET"]}}],"collection":[{"href":"https:\/\/www.europesays.com\/de\/wp-json\/wp\/v2\/posts"}],"about":[{"href":"https:\/\/www.europesays.com\/de\/wp-json\/wp\/v2\/types\/post"}],"author":[{"embeddable":true,"href":"https:\/\/www.europesays.com\/de\/wp-json\/wp\/v2\/users\/2"}],"replies":[{"embeddable":true,"href":"https:\/\/www.europesays.com\/de\/wp-json\/wp\/v2\/comments?post=380269"}],"version-history":[{"count":0,"href":"https:\/\/www.europesays.com\/de\/wp-json\/wp\/v2\/posts\/380269\/revisions"}],"wp:featuredmedia":[{"embeddable":true,"href":"https:\/\/www.europesays.com\/de\/wp-json\/wp\/v2\/media\/380270"}],"wp:attachment":[{"href":"https:\/\/www.europesays.com\/de\/wp-json\/wp\/v2\/media?parent=380269"}],"wp:term":[{"taxonomy":"category","embeddable":true,"href":"https:\/\/www.europesays.com\/de\/wp-json\/wp\/v2\/categories?post=380269"},{"taxonomy":"post_tag","embeddable":true,"href":"https:\/\/www.europesays.com\/de\/wp-json\/wp\/v2\/tags?post=380269"}],"curies":[{"name":"wp","href":"https:\/\/api.w.org\/{rel}","templated":true}]}}