{"id":380298,"date":"2025-08-28T19:39:09","date_gmt":"2025-08-28T19:39:09","guid":{"rendered":"https:\/\/www.europesays.com\/de\/380298\/"},"modified":"2025-08-28T19:39:09","modified_gmt":"2025-08-28T19:39:09","slug":"killesberg-stuttgart-besucherin-schildert-katastrophale-toiletten-zustaende-nachrichten-aus-stuttgart","status":"publish","type":"post","link":"https:\/\/www.europesays.com\/de\/380298\/","title":{"rendered":"Killesberg Stuttgart: Besucherin schildert \u201ekatastrophale\u201c Toiletten-Zust\u00e4nde &#8211; Nachrichten aus Stuttgart"},"content":{"rendered":"<p><strong>Stuttgart.<\/strong> Fehlendes Klopapier, leere Seifenspender, dreckige und stinkende Toilettenh\u00e4user. Warum bekommt die Landeshauptstadt dieses Problem auf dem H\u00f6henpark Killesberg einfach nicht in den Griff? Der Park gilt seit vielen Jahren als sehr beliebtes Ausflugsziel f\u00fcr Menschen und Familien aus Stuttgart und der Region, aber auch f\u00fcr Touristen. Die schlechte Situation auf den sanit\u00e4ren Anlagen beeinflussen den Besuch bei zahlreichen Besucherinnen und Besuchern jedoch negativ.<\/p>\n","protected":false},"excerpt":{"rendered":"Stuttgart. Fehlendes Klopapier, leere Seifenspender, dreckige und stinkende Toilettenh\u00e4user. Warum bekommt die Landeshauptstadt dieses Problem auf dem H\u00f6henpark&hellip;\n","protected":false},"author":2,"featured_media":380299,"comment_status":"","ping_status":"","sticky":false,"template":"","format":"standard","meta":{"footnotes":""},"categories":[1830],"tags":[1634,3364,29,30,4391,61865,1441,23198,61051,4968],"class_list":{"0":"post-380298","1":"post","2":"type-post","3":"status-publish","4":"format-standard","5":"has-post-thumbnail","7":"category-stuttgart","8":"tag-baden-wuerttemberg","9":"tag-de","10":"tag-deutschland","11":"tag-germany","12":"tag-hygiene","13":"tag-killesberg","14":"tag-stuttgart","15":"tag-toiletten","16":"tag-unzufriedenheit","17":"tag-vorwuerfe"},"share_on_mastodon":{"url":"https:\/\/pubeurope.com\/@de\/115108089984026946","error":""},"_links":{"self":[{"href":"https:\/\/www.europesays.com\/de\/wp-json\/wp\/v2\/posts\/380298","targetHints":{"allow":["GET"]}}],"collection":[{"href":"https:\/\/www.europesays.com\/de\/wp-json\/wp\/v2\/posts"}],"about":[{"href":"https:\/\/www.europesays.com\/de\/wp-json\/wp\/v2\/types\/post"}],"author":[{"embeddable":true,"href":"https:\/\/www.europesays.com\/de\/wp-json\/wp\/v2\/users\/2"}],"replies":[{"embeddable":true,"href":"https:\/\/www.europesays.com\/de\/wp-json\/wp\/v2\/comments?post=380298"}],"version-history":[{"count":0,"href":"https:\/\/www.europesays.com\/de\/wp-json\/wp\/v2\/posts\/380298\/revisions"}],"wp:featuredmedia":[{"embeddable":true,"href":"https:\/\/www.europesays.com\/de\/wp-json\/wp\/v2\/media\/380299"}],"wp:attachment":[{"href":"https:\/\/www.europesays.com\/de\/wp-json\/wp\/v2\/media?parent=380298"}],"wp:term":[{"taxonomy":"category","embeddable":true,"href":"https:\/\/www.europesays.com\/de\/wp-json\/wp\/v2\/categories?post=380298"},{"taxonomy":"post_tag","embeddable":true,"href":"https:\/\/www.europesays.com\/de\/wp-json\/wp\/v2\/tags?post=380298"}],"curies":[{"name":"wp","href":"https:\/\/api.w.org\/{rel}","templated":true}]}}