{"id":380300,"date":"2025-08-28T19:40:12","date_gmt":"2025-08-28T19:40:12","guid":{"rendered":"https:\/\/www.europesays.com\/de\/380300\/"},"modified":"2025-08-28T19:40:12","modified_gmt":"2025-08-28T19:40:12","slug":"faninformationen-zu-tsv-1860-muenchen","status":"publish","type":"post","link":"https:\/\/www.europesays.com\/de\/380300\/","title":{"rendered":"Faninformationen zu TSV 1860 M\u00fcnchen"},"content":{"rendered":"<p>Wichtige Hinweise<\/p>\n<p>Offensichtlich alkoholisierte Personen d\u00fcrfen das Stadion nicht betreten. Zudem ist das Mitbringen von Flaschen aller Art (auch PET-Flaschen) verboten. Generell ist die Mitnahme von eigenen Lebensmitteln nicht gestattet. Auch Rucks\u00e4cke und Taschen, die gr\u00f6\u00dfer als DIN A4 sind, k\u00f6nnen nicht mit ins\u00a0 Gr\u00fcnwalder Stadion genommen werden, da es vor Ort keine Aufbewahrungsstellen gibt.<\/p>\n<p><strong>L\u00f6wentreff am Candidplatz<\/strong><\/p>\n<p class=\"_ap3a _aaco _aacu _aacx _aad7 _aade\" dir=\"auto\">Zum Heimspiel gegen den VfB Stuttgart II gibt es ab 10.30 Uhr wieder einen <a href=\"https:\/\/www.instagram.com\/p\/DN2u1XgxDkm\/\" target=\"_blank\" rel=\"noopener nofollow\">L\u00f6wentreff am Candidplatz<\/a>. Als Verpflegung gibt es Wiener mit Kartoffelsalat und Semmel und zum Trinken das \u00dcbliche. Des Weiteren gibt es eine neue bestickte Umh\u00e4ngetasche zum Kaufen und zudem einen gro\u00dfen Ausverkauf vieler verschiedener Restartikeln.<\/p>\n<p>Neben der \u00fcblichen St\u00e4nden ist am Samstag auch die Fu\u00dfballabteilung des <a href=\"https:\/\/tsv1860.org\/startseite.html\" target=\"_blank\" rel=\"noopener nofollow\">TSV M\u00fcnchen von 1860 e.V.<\/a> vertreten und verkauft ihre neuen Poloshirts. Die Blaue Hilfe ist ebenfalls vor Ort.<\/p>\n<p>Am MVfaZ-Stand haben alle Mitglieder (neue Mitglieder k\u00f6nnen sich jederzeit anmelden) die M\u00f6glichkeit, sich f\u00fcr das <a href=\"https:\/\/www.instagram.com\/p\/DN2u72nROIm\/\" target=\"_blank\" rel=\"noopener nofollow\">Ausw\u00e4rtsspiel in Aue<\/a> anzumelden.<\/p>\n<p dir=\"auto\"><img fetchpriority=\"high\" decoding=\"async\" class=\"aligncenter wp-image-122466\" src=\"data:image\/svg+xml,%3Csvg%20xmlns=\" http:=\"\" alt=\"\" width=\"400\" height=\"499\" data-lazy- data-lazy- data-lazy-src=\"https:\/\/www.europesays.com\/de\/wp-content\/uploads\/2025\/08\/Loewentreff-1860-Stuttgart-240x300.png\"\/><\/p>\n<p><script async src=\"\/\/www.instagram.com\/embed.js\"><\/script><\/p>\n","protected":false},"excerpt":{"rendered":"Wichtige Hinweise Offensichtlich alkoholisierte Personen d\u00fcrfen das Stadion nicht betreten. Zudem ist das Mitbringen von Flaschen aller Art&hellip;\n","protected":false},"author":2,"featured_media":380301,"comment_status":"","ping_status":"","sticky":false,"template":"","format":"standard","meta":{"footnotes":""},"categories":[1830],"tags":[23228,1634,3364,29,102886,30,1441],"class_list":{"0":"post-380300","1":"post","2":"type-post","3":"status-publish","4":"format-standard","5":"has-post-thumbnail","7":"category-stuttgart","8":"tag-23228","9":"tag-baden-wuerttemberg","10":"tag-de","11":"tag-deutschland","12":"tag-faninfos","13":"tag-germany","14":"tag-stuttgart"},"share_on_mastodon":{"url":"https:\/\/pubeurope.com\/@de\/115108093917693895","error":""},"_links":{"self":[{"href":"https:\/\/www.europesays.com\/de\/wp-json\/wp\/v2\/posts\/380300","targetHints":{"allow":["GET"]}}],"collection":[{"href":"https:\/\/www.europesays.com\/de\/wp-json\/wp\/v2\/posts"}],"about":[{"href":"https:\/\/www.europesays.com\/de\/wp-json\/wp\/v2\/types\/post"}],"author":[{"embeddable":true,"href":"https:\/\/www.europesays.com\/de\/wp-json\/wp\/v2\/users\/2"}],"replies":[{"embeddable":true,"href":"https:\/\/www.europesays.com\/de\/wp-json\/wp\/v2\/comments?post=380300"}],"version-history":[{"count":0,"href":"https:\/\/www.europesays.com\/de\/wp-json\/wp\/v2\/posts\/380300\/revisions"}],"wp:featuredmedia":[{"embeddable":true,"href":"https:\/\/www.europesays.com\/de\/wp-json\/wp\/v2\/media\/380301"}],"wp:attachment":[{"href":"https:\/\/www.europesays.com\/de\/wp-json\/wp\/v2\/media?parent=380300"}],"wp:term":[{"taxonomy":"category","embeddable":true,"href":"https:\/\/www.europesays.com\/de\/wp-json\/wp\/v2\/categories?post=380300"},{"taxonomy":"post_tag","embeddable":true,"href":"https:\/\/www.europesays.com\/de\/wp-json\/wp\/v2\/tags?post=380300"}],"curies":[{"name":"wp","href":"https:\/\/api.w.org\/{rel}","templated":true}]}}