{"id":380311,"date":"2025-08-28T19:46:51","date_gmt":"2025-08-28T19:46:51","guid":{"rendered":"https:\/\/www.europesays.com\/de\/380311\/"},"modified":"2025-08-28T19:46:51","modified_gmt":"2025-08-28T19:46:51","slug":"hammer-lose-und-ein-neuling-das-sind-die-champions-league-gegner-des-fc-bayern","status":"publish","type":"post","link":"https:\/\/www.europesays.com\/de\/380311\/","title":{"rendered":"Hammer-Lose und ein Neuling \u2013 das sind die Champions-League-Gegner des FC Bayern"},"content":{"rendered":"<ol class=\"id-DonaldBreadcrumb lp_west_breadcrumb id-DonaldBreadcrumb--default\" data-k5a-pos=\"west_breadcrumb\">\n<li class=\"id-Breadcrumb-item\"><a href=\"https:\/\/www.merkur.de\/\" class=\"id-Breadcrumb-link\" data-id-ec=\"{\" shn=\"\" textlink=\"\" data-k5a-pos=\"1_startseite\" rel=\"nofollow noopener\" target=\"_blank\">Startseite<\/a><\/li>\n<li class=\"id-Breadcrumb-item\"><a href=\"https:\/\/www.merkur.de\/sport\/\" class=\"id-Breadcrumb-link\" data-id-ec=\"{\" shn=\"\" textlink=\"\" data-k5a-pos=\"2_sport\" rel=\"nofollow noopener\" target=\"_blank\">Sport<\/a><\/li>\n<li class=\"id-Breadcrumb-item\"><a href=\"https:\/\/www.merkur.de\/sport\/fc-bayern\/\" class=\"id-Breadcrumb-link\" data-id-ec=\"{\" shn=\"\" textlink=\"\" bayern=\"\" data-k5a-pos=\"3_fcBayern\" rel=\"nofollow noopener\" target=\"_blank\">FC Bayern<\/a><\/li>\n<\/ol>\n<p class=\"id-Story-timestamp id-Story-timestamp--default\">Stand: 28.08.2025, 19:02 Uhr<\/p>\n<p class=\"id-Story-authors id-Story-authors--default\">Von: <a class=\"id-Story-authors-link lp_west_author\" href=\"https:\/\/www.merkur.de\/autor\/maximilian-bohne-0xsjv2y0.html\" title=\"Zur Autorenseite von Maximilian Bohne\" data-id-ec=\"{\" shn=\"\" author-link=\"\" bohne=\"\" data-k5a-pos=\"west_author\" rel=\"nofollow noopener\" target=\"_blank\">Maximilian Bohne<\/a>, <a class=\"id-Story-authors-link lp_west_author\" href=\"https:\/\/www.merkur.de\/autor\/korbinian-kothny-r5g234m40.html\" title=\"Zur Autorenseite von Korbinian Kothny\" data-id-ec=\"{\" shn=\"\" author-link=\"\" kothny=\"\" data-k5a-pos=\"west_author\" rel=\"nofollow noopener\" target=\"_blank\">Korbinian Kothny<\/a><\/p>\n<p class=\"id-Story-interactionBar id-Story-interactionBar--default\">DruckenTeilen<\/p>\n<p class=\"id-StoryElement-leadText\">Der FC Bayern hat seine Gegner f\u00fcr die Champions League: Der Rekordmeister muss in der Ligaphase unter anderem gegen PSG und den FC Chelsea ran.<\/p>\n<p>Das Wichtigste in <br \/>dieser Nachricht<\/p>\n<ol class=\"id-StoryElement-tableOfContents-list\">\n<li class=\"id-StoryElement-tableOfContents-list-item\"><a href=\"#id-pageApi-chapter_heading-0\" data-id-ec=\"{\" shn=\"\" kapitel=\"\" muss=\"\" gegen=\"\">PSG und <strong>Chelsea<\/strong>&#8222;,&#8220;position&#8220;:&#8220;1&#8243;,&#8220;storyElementPosition&#8220;:&#8220;8&#8243;,&#8220;storyElementCount&#8220;:&#8220;46&#8243;}}&#8220;&gt;Bayern muss gegen <strong>PSG <\/strong>und <strong>Chelsea<\/strong><\/a> \u2013 Alle acht Gegner des FCB stehen fest.<\/li>\n<li class=\"id-StoryElement-tableOfContents-list-item\"><a href=\"#id-pageApi-chapter_heading-1\" data-id-ec=\"{\" shn=\"\" kapitel=\"\">UEFA vergibt zwei <strong>Auszeichnungen<\/strong>&#8222;,&#8220;position&#8220;:&#8220;2&#8243;,&#8220;storyElementPosition&#8220;:&#8220;8&#8243;,&#8220;storyElementCount&#8220;:&#8220;46&#8243;}}&#8220;&gt;<strong>UEFA <\/strong>vergibt zwei <strong>Auszeichnungen<\/strong><\/a> \u2013 Chelsea und Ibrahimovic werden geehrt<\/li>\n<li class=\"id-StoryElement-tableOfContents-list-item id-StoryElement-tableOfContents-list-item--optional\"><a href=\"#id-pageApi-chapter_heading-2\" data-id-ec=\"{\" shn=\"\" kapitel=\"\">FC Bayern gegen zwei Premier-League-Teams&#8220;,&#8220;position&#8220;:&#8220;3&#8243;,&#8220;storyElementPosition&#8220;:&#8220;8&#8243;,&#8220;storyElementCount&#8220;:&#8220;46&#8243;}}&#8220;&gt;<strong>FC Bayern<\/strong> gegen zwei Premier-League-Teams<\/a> \u2013 In jedem Fall gibt es zwei Insel-Duelle.<\/li>\n<li class=\"id-StoryElement-tableOfContents-list-item id-StoryElement-tableOfContents-list-item--optional\"><a href=\"#id-pageApi-chapter_heading-3\" data-id-ec=\"{\" shn=\"\" kapitel=\"\">Champions-League-Teilnehmer stehen fest&#8220;,&#8220;position&#8220;:&#8220;4&#8243;,&#8220;storyElementPosition&#8220;:&#8220;8&#8243;,&#8220;storyElementCount&#8220;:&#8220;46&#8243;}}&#8220;&gt;<strong>Champions-League-Teilnehmer<\/strong> stehen fest<\/a> \u2013 Das sind die Lost\u00f6pfe.<\/li>\n<li class=\"id-StoryElement-tableOfContents-list-item\"><a href=\"#id-pageApi-chapter_heading-4\" data-id-ec=\"{\" shn=\"\" kapitel=\"\" wen=\"\" trifft=\"\" der=\"\">FC Bayern in der <strong>Champions League<\/strong>?&#8220;,&#8220;position&#8220;:&#8220;5&#8243;,&#8220;storyElementPosition&#8220;:&#8220;8&#8243;,&#8220;storyElementCount&#8220;:&#8220;46&#8243;}}&#8220;&gt;Auf wen trifft der <strong>FC Bayern<\/strong> in der <strong>Champions League<\/strong>?<\/a> \u2013 Duell gegen zwei Schwergewichte jetzt schon fix.<\/li>\n<\/ol>\n<p>Alle Kapitel<\/p>\n<p class=\"id-StoryElement-paragraph\"><strong>Update vom 28. August, 18.57:<\/strong> Auch die anderen deutschen Teams haben einige Kracher-Duelle erwischt. <a href=\"https:\/\/www.merkur.de\/sport\/fussball\/gegner-drohen-auf-wen-trifft-eintracht-frankfurt-in-der-champions-league-hammer-zr-93903280.html\" class=\"id-import-Link\" data-id-ec=\"{&quot;sht&quot;:&quot;Container&quot;,&quot;shn&quot;:&quot;Story&quot;,&quot;p&quot;:{&quot;containerType&quot;:&quot;Paragraph&quot;,&quot;displayType&quot;:&quot;Paragraph InlineLink&quot;,&quot;type&quot;:&quot;INLINE_LINK&quot;,&quot;value&quot;:&quot;Die Eintracht muss unter anderem gegen den FC Liverpool und den FC Barcelona ran&quot;,&quot;variant&quot;:&quot;standardLink&quot;,&quot;sponsored&quot;:false,&quot;linkHref&quot;:&quot;https:\/\/www.merkur.de\/sport\/fussball\/gegner-drohen-auf-wen-trifft-eintracht-frankfurt-in-der-champions-league-hammer-zr-93903280.html&quot;,&quot;storyElementPosition&quot;:10,&quot;storyElementCount&quot;:46}}\" rel=\"nofollow noopener\" target=\"_blank\">Die Eintracht muss unter anderem gegen den FC Liverpool und den FC Barcelona ran<\/a>. Bayer Leverkusen hat indes folgende Gegner gezogen: PSG (H), Manchester City (A),\u00a0FC Villarreal (H), Benfica (A), Olympiakos Pir\u00e4us (A), PSV Eindhoven (H), Newcastle United (H) und FC Kopenhagen (A).<\/p>\n<p class=\"id-StoryElement-paragraph\"><strong>Update vom 28. August, 18.41:<\/strong> Auch <a href=\"https:\/\/r-gegner-bvb-drohen-bei-champions-league-auslosung-zwei-93903150.html\/\" rel=\"nofollow noopener\" target=\"_blank\" class=\"id-import-Link id-pageApi-Link--externalDomain\" data-id-ec=\"{&quot;sht&quot;:&quot;Container&quot;,&quot;shn&quot;:&quot;Story&quot;,&quot;p&quot;:{&quot;containerType&quot;:&quot;Paragraph&quot;,&quot;displayType&quot;:&quot;Paragraph InlineLink&quot;,&quot;type&quot;:&quot;INLINE_LINK&quot;,&quot;value&quot;:&quot;der BVB hat seine Gruppe bereits in G&#xE4;nze gezogen&quot;,&quot;variant&quot;:&quot;standardLink&quot;,&quot;sponsored&quot;:false,&quot;linkHref&quot;:&quot;https:\/\/r-gegner-bvb-drohen-bei-champions-league-auslosung-zwei-93903150.html\/&quot;,&quot;storyElementPosition&quot;:13,&quot;storyElementCount&quot;:46}}\">der BVB hat seine Gruppe bereits in G\u00e4nze gezogen<\/a>. Die Schwarz-Gelben m\u00fcssen unter anderem gegen Inter Mailand, Manchester City, Juventus Turin und Tottenham Hotspur ran.<\/p>\n<p class=\"id-StoryElement-paragraph\"><strong>Update vom 28. August, 18.35 Uhr:<\/strong> Mit PSG muss der FCB gegen den amtierenden Champions-League-Sieger ran, mit dem FC Chelsea gegen den frisch gebackenen Champion der Klub-Weltmeisterschaft. Amtliche Hammerlose! <\/p>\n<p>Bayern muss gegen <strong>PSG <\/strong>und <strong>Chelsea<\/strong><\/p>\n<p class=\"id-StoryElement-paragraph\"><strong>Update vom 28. August, 18.32 Uhr:<\/strong> Der FC Bayern ist das erste Team! Die acht Gegner lauten: FC Chelsea (H), Paris Saint-Germain (A), Club Br\u00fcgge (H), FC Arsenal (A), Sporting Lissabon (H), PSV Eindhoven (A), Union Saint-Gilloise (H) und FC Pafos (A). <\/p>\n<p>Von Diktatoren-Klubs bis zu zypriotischen Investoren-Vereinen: Die kuriosesten Champions-League-Teilnehmer<img decoding=\"async\" class=\"id-RatioPlaceholder-element wv_story_el_interstitialImage\" src=\"https:\/\/www.europesays.com\/de\/wp-content\/uploads\/2025\/08\/39494804-die-historie-der-champions-league-ist-voll-von-unerwartete-teilnehmern-2ffe.jpg\" loading=\"lazy\"   height=\"1350\" width=\"2400\" alt=\"Die Historie der Champions League ist voll von unerwartete Teilnehmern.\"\/><a href=\"https:\/\/www.merkur.de\/sport\/fussball\/von-diktatoren-klubs-bis-zu-zypriotischen-investoren-vereinen-die-kuriosesten-champions-league-teilnehmer-in-bildern-zr-93905661.html\" class=\"id-StoryElement-intestitialLink-link\" data-id-ec=\"{\" shn=\"\" ansehen=\"\" data-k5a-pos=\"west_story_17_photoGalleryLink\" title=\"Zur Fotostrecke: Von Diktatoren-Klubs bis zu zypriotischen Investoren-Vereinen: Die kuriosesten Champions-League-Teilnehmer\" rel=\"nofollow noopener\" target=\"_blank\">Fotostrecke ansehen<\/a><\/p>\n<p class=\"id-StoryElement-paragraph\"><strong>Update vom 28. August, 18.30 Uhr:<\/strong> Es geht los mit dem ersten Topf. Neun Teams sind vertreten, die nun nacheinander gezogen werden und von einer Computer-Software ihre acht Gegner zugelost bekommen. Anschlie\u00dfend folgen absteigend die anderen acht T\u00f6pfe. Der BVB k\u00f6nnte also schon sehr fr\u00fch dran sein.<\/p>\n<p class=\"id-StoryElement-paragraph\"><strong>Update vom 28. August, 18.25 Uhr:<\/strong> Jetzt schreiten die Akteure zu den Lost\u00f6pfen. Jetzt soll es gleich wirklich losgehen, verspricht Moderator Pedro Pinto.<\/p>\n<p class=\"id-StoryElement-paragraph\"><strong>Update vom 28. August, 18.21 Uhr:<\/strong> Ibrahimovic bleibt auf der B\u00fchne, um bei der Auslosung zu assistieren. Ihm wird ein zweiter Stargast zur Seite gestellt: Kak\u00e1, Weltfu\u00dfballer des Jahres von 2007.<\/p>\n<p class=\"id-StoryElement-paragraph\"><strong>Update vom 28. August, 18.17 Uhr:<\/strong> Die zweite Auszeichnung, der sogenannte Presidents-Award, geht an Zlatan Ibrahimovic, der nach einem humorvollen XXL-Einspieler die B\u00fchne betritt. <\/p>\n<p><strong>UEFA <\/strong>vergibt zwei <strong>Auszeichnungen<\/strong><\/p>\n<p class=\"id-StoryElement-paragraph\"><strong>Update vom 28. August, 18.08 Uhr<\/strong>: Noch vor der tats\u00e4chlichen Auslosung werden zwei Ehrungen vergeben. Die erste Auszeichnung geht an den FC Chelsea, der nach dem Sieg bei der Klub-WM alle sechs europ\u00e4ischen Kontinental-Wettbewerbe gewonnen hat. <\/p>\n<p class=\"id-StoryElement-paragraph\"><strong>Update vom 28. August, 18.00 Uhr:<\/strong> Anpfiff in Monaco, die CL-Hymne ert\u00f6nt! In wenigen Momenten werden die ersten Lose gezogen und die Bayern-Fans haben endlich Gewissheit, welche Kracher-Duelle der deutsche Rekordmeister in der Champions League 2025\/26 spielen wird.<\/p>\n<p class=\"id-StoryElement-paragraph\"><strong>Update vom 28. August, 17.30 Uhr:<\/strong> In nur einer halben Stunde beginnt die Ziehung in Monaco. Die Lost\u00f6pfe sind angerichtet, die Vorfreude steigt. Zur Erinnerung: Der FC Bayern befindet sich in Lostopf eins und spielt gegen zwei Teams aus jedem der vier T\u00f6pfe. Insgesamt gibt es in der Ligaphase so acht Partien \u2013 je vier heim und ausw\u00e4rts. Das klare Ziel der M\u00fcnchner: Unter die besten acht kommen, um den direkten Einzug in das Achtelfinale zu schaffen.<\/p>\n<p><strong>FC Bayern<\/strong> gegen zwei Premier-League-Teams<\/p>\n<p class=\"id-StoryElement-paragraph\"><strong>Update vom 28. August, 15.21 Uhr: <\/strong>Schon vor der Auslosung steht fest, dass der FC Bayern auf zwei Teams aus der Premier League treffen wird. Das gilt f\u00fcr alle Klubs, die sich in Lostopf 1 befinden, au\u00dfer den englischen Klubs. Der Grund daf\u00fcr: Mit Europa-League-Tottenham sind in diesem Jahr sechs englische Vereine f\u00fcr die K\u00f6nigsklasse qualifiziert und durch die enorm komplizierten Regeln der Auslosung trifft jeder nicht-englische Klub aus Lostopf 1 auf zwei Premier-League-Teams.<\/p>\n<p class=\"id-StoryElement-paragraph\"><strong>Update vom 28. August, 12.57 Uhr:<\/strong> W\u00e4hrend heute Abend erst die Auslosung f\u00fcr die Ligaphase der Champions League stattfindet, <a href=\"https:\/\/www.merkur.de\/sport\/fussball\/uefa-verkuendet-neue-anstosszeit-fuer-champions-league-finale-zr-93905246.html\" class=\"id-import-Link\" data-id-ec=\"{&quot;sht&quot;:&quot;Container&quot;,&quot;shn&quot;:&quot;Story&quot;,&quot;p&quot;:{&quot;containerType&quot;:&quot;Paragraph&quot;,&quot;displayType&quot;:&quot;Paragraph InlineLink&quot;,&quot;type&quot;:&quot;INLINE_LINK&quot;,&quot;value&quot;:&quot;hat die UEFA schon eine wichtige &#xC4;nderung f&#xFC;r das Finale 2026 in Budapest beschlossen&quot;,&quot;variant&quot;:&quot;standardLink&quot;,&quot;sponsored&quot;:false,&quot;linkHref&quot;:&quot;https:\/\/www.merkur.de\/sport\/fussball\/uefa-verkuendet-neue-anstosszeit-fuer-champions-league-finale-zr-93905246.html&quot;,&quot;storyElementPosition&quot;:33,&quot;storyElementCount&quot;:46}}\" rel=\"nofollow noopener\" target=\"_blank\">hat die UEFA schon eine wichtige \u00c4nderung f\u00fcr das Finale 2026 in Budapest beschlossen<\/a>. Dieses findet n\u00e4mlich schon um 18 Uhr und nicht wie gewohnt um 21 Uhr statt.<\/p>\n<p><strong>Champions-League-Teilnehmer<\/strong> stehen fest<\/p>\n<p class=\"id-StoryElement-paragraph\"><strong>Update vom 28. August, 7.31 Uhr:<\/strong> Heute Abend findet um 18 Uhr die Auslosung zur Gruppenphase der Champions League statt? Auf wen trifft der FC Bayern? Die K\u00f6nigsklassenteilnehmer stehen mittlerweile fest. Die M\u00fcnchner treffen aus jedem Topf auf zwei Gegner. Duelle mit deutschen Vereinen sind in der Ligaphase nicht m\u00f6glich.<\/p>\n<tr class=\"id-StoryElement-table-row\">\n<td class=\"id-StoryElement-table-cell\">Real Madrid (Spanien)<\/td>\n<td class=\"id-StoryElement-table-cell\">FC Arsenal (England)<\/td>\n<td class=\"id-StoryElement-table-cell\">PSV Eindhoven (Niederlande)<\/td>\n<td class=\"id-StoryElement-table-cell\">Galatasaray Istanbul (T\u00fcrkei)<\/td>\n<\/tr>\n<tr class=\"id-StoryElement-table-row\">\n<td class=\"id-StoryElement-table-cell\">Manchester City (England)<\/td>\n<td class=\"id-StoryElement-table-cell\">Bayer 04 Leverkusen (Deutschland)<\/td>\n<td class=\"id-StoryElement-table-cell\">Ajax Amsterdam (Niederlande)<\/td>\n<td class=\"id-StoryElement-table-cell\">Royale Union Saint-Gilloise (Belgien)<\/td>\n<\/tr>\n<tr class=\"id-StoryElement-table-row\">\n<td class=\"id-StoryElement-table-cell\">FC Bayern M\u00fcnchen (Deutschland)<\/td>\n<td class=\"id-StoryElement-table-cell\">Atl\u00e9tico Madrid (Spanien)<\/td>\n<td class=\"id-StoryElement-table-cell\">SSC Neapel (Italien)<\/td>\n<td class=\"id-StoryElement-table-cell\">Athletic Bilbao (Spanien)<\/td>\n<\/tr>\n<tr class=\"id-StoryElement-table-row\">\n<td class=\"id-StoryElement-table-cell\">FC Liverpool (England)<\/td>\n<td class=\"id-StoryElement-table-cell\">Atalanta Bergamo (Italien)<\/td>\n<td class=\"id-StoryElement-table-cell\">Sporting Lissabon (Portugal)<\/td>\n<td class=\"id-StoryElement-table-cell\">Newcastle United (England)<\/td>\n<\/tr>\n<tr class=\"id-StoryElement-table-row\">\n<td class=\"id-StoryElement-table-cell\">Paris Saint-Germain (Frankreich)<\/td>\n<td class=\"id-StoryElement-table-cell\">FC Villarreal (Spanien)<\/td>\n<td class=\"id-StoryElement-table-cell\">Olympiakos Pir\u00e4us (Griechenland)<\/td>\n<td class=\"id-StoryElement-table-cell\">Paphos FC (Zypern)<\/td>\n<\/tr>\n<tr class=\"id-StoryElement-table-row\">\n<td class=\"id-StoryElement-table-cell\">Inter Mailand (Italien)<\/td>\n<td class=\"id-StoryElement-table-cell\">Juventus Turin (Italien)<\/td>\n<td class=\"id-StoryElement-table-cell\">Slavia Prag (Tschechien)<\/td>\n<td class=\"id-StoryElement-table-cell\">FK Qairat Almaty (Kasachstan)<\/td>\n<\/tr>\n<tr class=\"id-StoryElement-table-row\">\n<td class=\"id-StoryElement-table-cell\">FC Chelsea (England)<\/td>\n<td class=\"id-StoryElement-table-cell\">Eintracht Frankfurt (Deutschland)<\/td>\n<td class=\"id-StoryElement-table-cell\">FK Bod\u00f8\/Glimt (Norwegen)<\/td>\n<td class=\"id-StoryElement-table-cell\">FC Kopenhagen (D\u00e4nemark)<\/td>\n<\/tr>\n<tr class=\"id-StoryElement-table-row\">\n<td class=\"id-StoryElement-table-cell\">Borussia Dortmund (Deutschland)<\/td>\n<td class=\"id-StoryElement-table-cell\">Club Br\u00fcgge (Belgien)<\/td>\n<td class=\"id-StoryElement-table-cell\">Olympique Marseille (Frankreich)<\/td>\n<td class=\"id-StoryElement-table-cell\">AS Monaco (Frankreich)<\/td>\n<\/tr>\n<tr class=\"id-StoryElement-table-row\">\n<td class=\"id-StoryElement-table-cell\">FC Barcelona (Spanien)<\/td>\n<td class=\"id-StoryElement-table-cell\">Benfica Lissabon (Portugal)<\/td>\n<td class=\"id-StoryElement-table-cell\">Tottenham Hotspur (England)<\/td>\n<td class=\"id-StoryElement-table-cell\">Qarabag Agdam (Aserbaidschan)<\/td>\n<\/tr>\n<p class=\"id-StoryElement-paragraph\"><strong>Erstmeldung: <\/strong>M\u00fcnchen \/ Monaco \u2013 Am Donnerstag (28. August) um 18 Uhr ist es so weit: Im Grimaldi Forum von Monaco wird die Ligaphase der Champions League 2025\/26 ausgelost. F\u00fcr den <a href=\"https:\/\/www.merkur.de\/sport\/fc-bayern\/\" class=\"id-import-Link\" title=\"FC Bayern M&#xFC;nchen\" data-id-ec=\"{&quot;sht&quot;:&quot;Container&quot;,&quot;shn&quot;:&quot;Story&quot;,&quot;p&quot;:{&quot;containerType&quot;:&quot;Paragraph&quot;,&quot;displayType&quot;:&quot;Paragraph InlineLink&quot;,&quot;type&quot;:&quot;INLINE_LINK&quot;,&quot;value&quot;:&quot;FC Bayern M&#xFC;nchen&quot;,&quot;variant&quot;:&quot;standardLink&quot;,&quot;sponsored&quot;:false,&quot;linkHref&quot;:&quot;https:\/\/www.merkur.de\/sport\/fc-bayern\/&quot;,&quot;storyElementPosition&quot;:38,&quot;storyElementCount&quot;:46}}\" rel=\"nofollow noopener\" target=\"_blank\">FC Bayern M\u00fcnchen<\/a> beginnt damit ein neues Kapitel im Kampf um den begehrten Henkelpott. Als deutscher Meister ist der Rekordmeister im ersten Lostopf gesetzt und geh\u00f6rt erneut zu den Topfavoriten auf den Titel.<\/p>\n<p><img decoding=\"async\" class=\"id-RatioPlaceholder-element wv_story_el_image\" src=\"https:\/\/www.europesays.com\/de\/wp-content\/uploads\/2025\/08\/39473593-auf-wen-trifft-der-fc-bayern-in-der-champions-league-2nGlHAdao3BG.jpg\" loading=\"lazy\"   height=\"733\" width=\"1100\" alt=\"Auf wen trifft der FC Bayern in der Champions League?\"\/>Auf wen trifft der FC Bayern in der Champions League? \u00a9\u00a0IMAGO\/Midori Ikenouchi\/Hasan Bratic\/DeFodi Images<\/p>\n<p class=\"id-StoryElement-paragraph\">Seit der vergangenen Saison wird die Champions League in einem neuen Format ausgespielt. Statt der klassischen Gruppenphase mit acht Vierergruppen treten nun alle 36 Teams in einer gemeinsamen Liga an. Jeder Verein bestreitet acht Spiele gegen acht verschiedene Gegner \u2013 vier zu Hause und vier ausw\u00e4rts. Hin- und R\u00fcckspiele gegen denselben Kontrahenten gibt es nicht mehr.<\/p>\n<p>Auf wen trifft der <strong>FC Bayern<\/strong> in der <strong>Champions League<\/strong>?<\/p>\n<p class=\"id-StoryElement-paragraph\">Die Auslosung erfolgt mit Hilfe einer speziellen Software, da das neue Format deutlich komplexer ist als fr\u00fcher. Die 36 Teams werden zun\u00e4chst in vier Lost\u00f6pfe zu je neun Mannschaften eingeteilt. Bayern ist als deutscher Meister automatisch in Topf eins gesetzt, ebenso <a href=\"https:\/\/www.absolutfussball.com\/deutschland\/borussia-dortmund\/\" class=\"id-import-Link id-pageApi-Link--externalDomain\" title=\"Borussia Dortmund\" data-id-ec=\"{&quot;sht&quot;:&quot;Container&quot;,&quot;shn&quot;:&quot;Story&quot;,&quot;p&quot;:{&quot;containerType&quot;:&quot;Paragraph&quot;,&quot;displayType&quot;:&quot;Paragraph InlineLink&quot;,&quot;type&quot;:&quot;INLINE_LINK&quot;,&quot;value&quot;:&quot;Borussia Dortmund&quot;,&quot;variant&quot;:&quot;standardLink&quot;,&quot;sponsored&quot;:false,&quot;linkHref&quot;:&quot;https:\/\/www.absolutfussball.com\/deutschland\/borussia-dortmund\/&quot;,&quot;storyElementPosition&quot;:43,&quot;storyElementCount&quot;:46}}\" rel=\"nofollow noopener\" target=\"_blank\">Borussia Dortmund<\/a>. Jedem Team werden dann zwei Gegner aus jedem Topf zugelost \u2013 auch aus dem eigenen. Damit steht jetzt schon fest: Der FC Bayern trifft in der Ligaphase auf zwei europ\u00e4ische Schwergewichte.<\/p>\n<p class=\"id-StoryElement-paragraph\">Die Ligaphase startet am 16. September und endet am 28. Januar 2026. Die besten acht Teams qualifizieren sich direkt f\u00fcrs Achtelfinale, w\u00e4hrend die Pl\u00e4tze neun bis 24 in die Playoffs m\u00fcssen. Das gro\u00dfe Finale steigt am 30. Mai 2026 in der Pusk\u00e1s Ar\u00e9na in Budapest. F\u00fcr Bayern geht es darum, nach Jahren der Entt\u00e4uschung endlich wieder den Titel nach M\u00fcnchen zu holen.<\/p>\n<p class=\"id-StoryElement-paragraph\">Die <a href=\"https:\/\/www.fr.de\/eintracht-frankfurt\/eintracht-frankfurt-champions-league-auslosung-live-tv-und-stream-auf-wen-trifft-93900636.html\" class=\"id-import-Link id-pageApi-Link--externalDomain\" data-id-ec=\"{&quot;sht&quot;:&quot;Container&quot;,&quot;shn&quot;:&quot;Story&quot;,&quot;p&quot;:{&quot;containerType&quot;:&quot;Paragraph&quot;,&quot;displayType&quot;:&quot;Paragraph InlineLink&quot;,&quot;type&quot;:&quot;INLINE_LINK&quot;,&quot;value&quot;:&quot;Auslosung wird live im deutschen Fernsehen &#xFC;bertragen&quot;,&quot;variant&quot;:&quot;standardLink&quot;,&quot;sponsored&quot;:false,&quot;linkHref&quot;:&quot;https:\/\/www.fr.de\/eintracht-frankfurt\/eintracht-frankfurt-champions-league-auslosung-live-tv-und-stream-auf-wen-trifft-93900636.html&quot;,&quot;storyElementPosition&quot;:46,&quot;storyElementCount&quot;:46}}\" rel=\"nofollow noopener\" target=\"_blank\">Auslosung wird live im deutschen Fernsehen \u00fcbertragen<\/a>. Sky, DAZN und die ZDF-Mediathek zeigen die Zeremonie ab 18 Uhr. Auch auf uefa.com gibt es einen kostenlosen Livestream. F\u00fcr die Bayern-Fans beginnt damit das Warten auf die gro\u00dfen europ\u00e4ischen Duelle der kommenden Saison. Hier k\u00f6nnen Sie die Auslosung im Live-Ticker verfolgen. (kk)<\/p>\n","protected":false},"excerpt":{"rendered":"Startseite Sport FC Bayern Stand: 28.08.2025, 19:02 Uhr Von: Maximilian Bohne, Korbinian Kothny DruckenTeilen Der FC Bayern hat&hellip;\n","protected":false},"author":2,"featured_media":380312,"comment_status":"","ping_status":"","sticky":false,"template":"","format":"standard","meta":{"footnotes":""},"categories":[1827],"tags":[772,29,30,1268],"class_list":{"0":"post-380311","1":"post","2":"type-post","3":"status-publish","4":"format-standard","5":"has-post-thumbnail","7":"category-muenchen","8":"tag-bayern","9":"tag-deutschland","10":"tag-germany","11":"tag-muenchen"},"share_on_mastodon":{"url":"https:\/\/pubeurope.com\/@de\/115108121379289149","error":""},"_links":{"self":[{"href":"https:\/\/www.europesays.com\/de\/wp-json\/wp\/v2\/posts\/380311","targetHints":{"allow":["GET"]}}],"collection":[{"href":"https:\/\/www.europesays.com\/de\/wp-json\/wp\/v2\/posts"}],"about":[{"href":"https:\/\/www.europesays.com\/de\/wp-json\/wp\/v2\/types\/post"}],"author":[{"embeddable":true,"href":"https:\/\/www.europesays.com\/de\/wp-json\/wp\/v2\/users\/2"}],"replies":[{"embeddable":true,"href":"https:\/\/www.europesays.com\/de\/wp-json\/wp\/v2\/comments?post=380311"}],"version-history":[{"count":0,"href":"https:\/\/www.europesays.com\/de\/wp-json\/wp\/v2\/posts\/380311\/revisions"}],"wp:featuredmedia":[{"embeddable":true,"href":"https:\/\/www.europesays.com\/de\/wp-json\/wp\/v2\/media\/380312"}],"wp:attachment":[{"href":"https:\/\/www.europesays.com\/de\/wp-json\/wp\/v2\/media?parent=380311"}],"wp:term":[{"taxonomy":"category","embeddable":true,"href":"https:\/\/www.europesays.com\/de\/wp-json\/wp\/v2\/categories?post=380311"},{"taxonomy":"post_tag","embeddable":true,"href":"https:\/\/www.europesays.com\/de\/wp-json\/wp\/v2\/tags?post=380311"}],"curies":[{"name":"wp","href":"https:\/\/api.w.org\/{rel}","templated":true}]}}