{"id":380365,"date":"2025-08-28T20:27:15","date_gmt":"2025-08-28T20:27:15","guid":{"rendered":"https:\/\/www.europesays.com\/de\/380365\/"},"modified":"2025-08-28T20:27:15","modified_gmt":"2025-08-28T20:27:15","slug":"pol-ge-oelspuren-in-gelsenkirchen-presseportal","status":"publish","type":"post","link":"https:\/\/www.europesays.com\/de\/380365\/","title":{"rendered":"POL-GE: \u00d6lspuren in Gelsenkirchen | Presseportal"},"content":{"rendered":"<p class=\"date\">28.08.2025 \u2013 19:52<\/p>\n<p class=\"customer\">\n                        <a class=\"story-customer\" title=\"weiter zum newsroom von Polizei Gelsenkirchen\" href=\"https:\/\/www.presseportal.de\/blaulicht\/nr\/51056\" rel=\"nofollow noopener\" target=\"_blank\">Polizei Gelsenkirchen<\/a>\n                    <\/p>\n<p><a data-category=\"citylink-story-view\" data-action=\"click\" data-label=\"Citylink in Meldungsansicht\" class=\"story-city event-trigger\" href=\"https:\/\/www.presseportal.de\/regional\/Gelsenkirchen\" title=\"News aus Gelsenkirchen \" rel=\"nofollow noopener\" target=\"_blank\">Gelsenkirchen<\/a> (ots)<\/p>\n<p>Am 28.08.2025 wurden in den fr\u00fchen Abendstunden zwei gr\u00f6\u00dfere \u00d6lspuren im Stadtgebiet Gelsenkirchen gemeldet. Die eine befand sich in Gelsenkirchen-Scholven und verlief von der Ulfkotter Stra\u00dfe kommend \u00fcber die B224 in Richtung Dorsten. Die andere sorgte im Bereich der Gelsenkirchener Altstadt auf der Hiberniastra\u00dfe im Bereich des Busbahnhofes f\u00fcr eine rutschige Stra\u00dfe. Aufgrund der Ausma\u00dfe der \u00d6lspuren musste jeweils eine Spezialfirma erscheinen, die die Fahrbahnen reinigte. Der Verursacher im Bereich Scholven konnte durch Verfolgen der \u00d6lspur ausfindig gemacht werden, der andere Verursacher wurde bisher nicht ermittelt. Durch die Reinigung der Stra\u00dfen wurde der Fahrzeugverkehr nur geringf\u00fcgig beeintr\u00e4chtigt.<\/p>\n<p class=\"contact-headline\">Nachfragen f\u00fcr Journalistinnen und Journalisten:<\/p>\n<p class=\"contact-text\">Polizei Gelsenkirchen<br \/>Leitstelle<br \/>Sch\u00f6pper, PHK<br \/>Telefon: 0209\/365 2160<br \/>E-Mail: <a href=\"https:\/\/www.presseportal.de\/blaulicht\/pm\/51056\/mailto: leitstelle.gelsenkirchen@polizei.nrw.de\" class=\"uri-mailto\" rel=\"nofollow noopener\" target=\"_blank\"> leitstelle.gelsenkirchen@polizei.nrw.de<\/a><br \/><a target=\"_blank\" class=\"uri-ext outbound\" rel=\"noopener nofollow\" href=\"https:\/\/gelsenkirchen.polizei.nrw\/\">https:\/\/gelsenkirchen.polizei.nrw\/<\/a><\/p>\n<p class=\"originator\">Original-Content von: Polizei Gelsenkirchen, \u00fcbermittelt durch news aktuell<\/p>\n","protected":false},"excerpt":{"rendered":"28.08.2025 \u2013 19:52 Polizei Gelsenkirchen Gelsenkirchen (ots) Am 28.08.2025 wurden in den fr\u00fchen Abendstunden zwei gr\u00f6\u00dfere \u00d6lspuren im&hellip;\n","protected":false},"author":2,"featured_media":320445,"comment_status":"","ping_status":"","sticky":false,"template":"","format":"standard","meta":{"footnotes":""},"categories":[1848],"tags":[3364,29,548,663,3934,3658,30,13,177,14,15,1209,176,121,178,180,179,181,12],"class_list":{"0":"post-380365","1":"post","2":"type-post","3":"status-publish","4":"format-standard","5":"has-post-thumbnail","7":"category-gelsenkirchen","8":"tag-de","9":"tag-deutschland","10":"tag-eu","11":"tag-europa","12":"tag-europe","13":"tag-gelsenkirchen","14":"tag-germany","15":"tag-headlines","16":"tag-kriminalitt","17":"tag-nachrichten","18":"tag-news","19":"tag-nordrhein-westfalen","20":"tag-nrw","21":"tag-polizei","22":"tag-presse","23":"tag-pressemeldung","24":"tag-pressemitteilung","25":"tag-pressemitteilungen","26":"tag-schlagzeilen"},"share_on_mastodon":{"url":"https:\/\/pubeurope.com\/@de\/115108278910146377","error":""},"_links":{"self":[{"href":"https:\/\/www.europesays.com\/de\/wp-json\/wp\/v2\/posts\/380365","targetHints":{"allow":["GET"]}}],"collection":[{"href":"https:\/\/www.europesays.com\/de\/wp-json\/wp\/v2\/posts"}],"about":[{"href":"https:\/\/www.europesays.com\/de\/wp-json\/wp\/v2\/types\/post"}],"author":[{"embeddable":true,"href":"https:\/\/www.europesays.com\/de\/wp-json\/wp\/v2\/users\/2"}],"replies":[{"embeddable":true,"href":"https:\/\/www.europesays.com\/de\/wp-json\/wp\/v2\/comments?post=380365"}],"version-history":[{"count":0,"href":"https:\/\/www.europesays.com\/de\/wp-json\/wp\/v2\/posts\/380365\/revisions"}],"wp:featuredmedia":[{"embeddable":true,"href":"https:\/\/www.europesays.com\/de\/wp-json\/wp\/v2\/media\/320445"}],"wp:attachment":[{"href":"https:\/\/www.europesays.com\/de\/wp-json\/wp\/v2\/media?parent=380365"}],"wp:term":[{"taxonomy":"category","embeddable":true,"href":"https:\/\/www.europesays.com\/de\/wp-json\/wp\/v2\/categories?post=380365"},{"taxonomy":"post_tag","embeddable":true,"href":"https:\/\/www.europesays.com\/de\/wp-json\/wp\/v2\/tags?post=380365"}],"curies":[{"name":"wp","href":"https:\/\/api.w.org\/{rel}","templated":true}]}}