{"id":380379,"date":"2025-08-28T20:35:40","date_gmt":"2025-08-28T20:35:40","guid":{"rendered":"https:\/\/www.europesays.com\/de\/380379\/"},"modified":"2025-08-28T20:35:40","modified_gmt":"2025-08-28T20:35:40","slug":"fluchtversuch-mit-getuntem-e-scooter-radio-bielefeld","status":"publish","type":"post","link":"https:\/\/www.europesays.com\/de\/380379\/","title":{"rendered":"Fluchtversuch mit getuntem E-Scooter &#8211; Radio Bielefeld"},"content":{"rendered":"<p>SI \/ Bielefeld \/ Quelle &#8211; Ein 15-J\u00e4hriger versuchte sich am Mittwoch, 27.08.2025, mit einem viel zu schnellen E-Scooter einer Kontrolle zu entziehen und leistete nach seinem missgl\u00fcckten Fluchtversuch erheblichen Widerstand.<\/p>\n<p>Ein Beamter des Verkehrsdienstes fuhr mit dem Motorrad Streife, als ihm gegen 17:30 Uhr ein E-Scooter-Fahrer auf der Carl-Severing-Stra\u00dfe auffiel. Der Jugendliche war mit etwa 50 km\/h deutlich zu schnell unterwegs. So lag die Vermutung nahe, dass das Fahrzeug getunt war. Der Beamte fuhr hinterher und gab dem jungen Fahrer zu verstehen, dass er anhalten solle.<\/p>\n<p>Dieser ignorierte den Beamten und fuhr mit unverminderter Geschwindigkeit weiter. Der Motorradpolizist nahm die Verfolgung auf. Bei dem Versuch den jungen Fahrer zu stoppen, verlor der 15-J\u00e4hrige mehrfach das Gleichgewicht, setzte seine Flucht aber weiter fort.<\/p>\n<p>Auf der Stra\u00dfe Kupferheide holte der Motorradpolizist den E-Scooter-Fahrer erneut ein und hielt ihn fest. Bei seiner Festnahme, leistete er erheblichen Widerstand, wodurch der Polizist leicht verletzt wurde.<\/p>\n<p>Auch der 15-J\u00e4hrige trug leichte Verletzungen davon und wurde zur Beobachtung eine Nacht im Krankenhaus belassen.<\/p>\n<p>Eine Auswertung der Software ergab, dass der E-Scooter bis zu 77 km\/h h\u00e4tte fahren k\u00f6nnen. Die bauartbedingte H\u00f6chstgeschwindigkeit liegt bei 20 km\/h.<\/p>\n<p>Au\u00dferdem war der E-Scooter als gestohlen gemeldet worden und verf\u00fcgte nicht \u00fcber den erforderlichen Versicherungsschutz.<\/p>\n<p>Der Beamte erstattete gegen den Jugendlichen Anzeige wegen gef\u00e4hrlichen Eingriffs in den Stra\u00dfenverkehr, unerlaubten Kfz-Rennens, Fahren ohne F\u00fchrerschein, Versto\u00df gegen das Pflichtversicherungsgesetz und Widerstand gegen Polizeibeamte.<\/p>\n<p>R\u00fcckfragen von Journalisten bitte an:<\/p>\n<p>Polizeipr\u00e4sidium Bielefeld Leitungsstab\/ Presse- und \u00d6ffentlichkeitsarbeit Kurt-Schumacher-Stra\u00dfe 46 33615 Bielefeld<\/p>\n<p>Sonja Rehmert (SR), Tel. 0521\/545-3020 Katja K\u00fcster (KK), Tel. 0521\/545-3195 Sarah Siedschlag (SI), Tel. 0521\/545-3021 Michael K\u00f6tter (MK), Tel. 0521\/545-3022 Hella Christoph (HC), Tel. 0521\/545-3023 Fabian Rickel (FR), Tel. 0521\/545-3024 Caroline Steffen (CS), Tel. 0521\/545-3026 Lukas Reker (LR), Tel. 0521\/545-3222 Jan Grote (JG), Tel. 0521\/545-3235<\/p>\n<p>E-Mail: pressestelle.bielefeld@polizei.nrw.de <a href=\"https:\/\/bielefeld.polizei.nrw\/\" target=\"_blank\" rel=\"noreferrer noopener\">bielefeld.polizei.nrw<\/a><\/p>\n<p>Au\u00dferhalb der B\u00fcrodienstzeit: Leitstelle, Tel. 0521\/545-0<\/p>\n<p> Original-Content von: Polizei Bielefeld, \u00fcbermittelt durch news aktuell<\/p>\n","protected":false},"excerpt":{"rendered":"SI \/ Bielefeld \/ Quelle &#8211; Ein 15-J\u00e4hriger versuchte sich am Mittwoch, 27.08.2025, mit einem viel zu schnellen&hellip;\n","protected":false},"author":2,"featured_media":362892,"comment_status":"","ping_status":"","sticky":false,"template":"","format":"standard","meta":{"footnotes":""},"categories":[1841],"tags":[1605,3364,29,30,1209,12925],"class_list":{"0":"post-380379","1":"post","2":"type-post","3":"status-publish","4":"format-standard","5":"has-post-thumbnail","7":"category-bielefeld","8":"tag-bielefeld","9":"tag-de","10":"tag-deutschland","11":"tag-germany","12":"tag-nordrhein-westfalen","13":"tag-polizeimeldungen"},"share_on_mastodon":{"url":"https:\/\/pubeurope.com\/@de\/115108310092526750","error":""},"_links":{"self":[{"href":"https:\/\/www.europesays.com\/de\/wp-json\/wp\/v2\/posts\/380379","targetHints":{"allow":["GET"]}}],"collection":[{"href":"https:\/\/www.europesays.com\/de\/wp-json\/wp\/v2\/posts"}],"about":[{"href":"https:\/\/www.europesays.com\/de\/wp-json\/wp\/v2\/types\/post"}],"author":[{"embeddable":true,"href":"https:\/\/www.europesays.com\/de\/wp-json\/wp\/v2\/users\/2"}],"replies":[{"embeddable":true,"href":"https:\/\/www.europesays.com\/de\/wp-json\/wp\/v2\/comments?post=380379"}],"version-history":[{"count":0,"href":"https:\/\/www.europesays.com\/de\/wp-json\/wp\/v2\/posts\/380379\/revisions"}],"wp:featuredmedia":[{"embeddable":true,"href":"https:\/\/www.europesays.com\/de\/wp-json\/wp\/v2\/media\/362892"}],"wp:attachment":[{"href":"https:\/\/www.europesays.com\/de\/wp-json\/wp\/v2\/media?parent=380379"}],"wp:term":[{"taxonomy":"category","embeddable":true,"href":"https:\/\/www.europesays.com\/de\/wp-json\/wp\/v2\/categories?post=380379"},{"taxonomy":"post_tag","embeddable":true,"href":"https:\/\/www.europesays.com\/de\/wp-json\/wp\/v2\/tags?post=380379"}],"curies":[{"name":"wp","href":"https:\/\/api.w.org\/{rel}","templated":true}]}}