{"id":380391,"date":"2025-08-28T20:48:12","date_gmt":"2025-08-28T20:48:12","guid":{"rendered":"https:\/\/www.europesays.com\/de\/380391\/"},"modified":"2025-08-28T20:48:12","modified_gmt":"2025-08-28T20:48:12","slug":"trump-will-statement-abgeben-merz-ueberzeugt-kein-treffen-von-putin-und-selenskyj-politik","status":"publish","type":"post","link":"https:\/\/www.europesays.com\/de\/380391\/","title":{"rendered":"Trump will Statement abgeben: Merz \u00fcberzeugt: Kein Treffen von Putin und Selenskyj! | Politik"},"content":{"rendered":"<p><b>Viel wurde in den vergangenen Wochen verhandelt \u00fcber einen Frieden in der Ukraine. Unterm Strich stand: Jetzt muss ein Gipfel zwischen Ukraine-Pr\u00e4sident Wolodymyr Selenskyj (47) und Russen-Diktator Wladimir Putin (72) her. Dieses Ziel gab US-Pr\u00e4sident Donald Trump (79) aus.<\/b><\/p>\n<p>Auch interessant<\/p>\n<p>Anzeige<\/p>\n<p>Auch interessant<\/p>\n<p>Anzeige<\/p>\n<p>Doch jetzt scheint ein solches Treffen vom Tisch. Davon zeigte sich Bundeskanzler <a href=\"https:\/\/www.bild.de\/politik\/leute\/friedrich-merz\/friedrich-merz-alle-infos-76682054.bild.html\" class=\"text-link\" rel=\"nofollow noopener\" target=\"_blank\">Friedrich Merz<\/a> (69, CDU) bei einem Treffen mit Frankreich-Pr\u00e4sident Emmanuel Macron (47) \u00fcberzeugt.<\/p>\n<p>Als er auf den <a href=\"https:\/\/www.bild.de\/news\/ausland\/ukraine\/thema-ukraine-alle-infos-80028690.bild.html\" class=\"text-link\" rel=\"nofollow noopener\" target=\"_blank\">Ukraine-Krieg<\/a> zu sprechen kam, sagte Merz w\u00f6rtlich: \u201eWir m\u00fcssen uns mit diesem Thema heute erneut besch\u00e4ftigen. Dies vor dem Hintergrund der Tatsache, dass es offensichtlich nicht zu einem Treffen zwischen Pr\u00e4sident Selenskyj und Pr\u00e4sident Putin kommen wird.\u201c Rumms!<\/p>\n<p>Merz schob noch ern\u00fcchtert hinterher: \u201eAnders als es zwischen Pr\u00e4sident <a href=\"https:\/\/www.bild.de\/politik\/leute\/donald-trump\/thema-donald-trump-alle-infos-80018378.bild.html\" class=\"text-link\" rel=\"nofollow noopener\" target=\"_blank\">Trump<\/a> und Pr\u00e4sident Putin in der letzten Woche verabredet war, als wir gemeinsam in Washington waren.\u201c<\/p>\n<p>Trump-Sprecherin: Beide Seiten nicht bereit, Krieg zu beenden<\/p>\n<p>Und auch im Wei\u00dfen Haus scheint der Frust gro\u00df zu sein. Trump-Sprecherin Karoline Leavitt (28) sagte am Donnerstagabend deutscher Zeit: \u201eBeide Seiten dieses Krieges sind nicht bereit, ihn selbst zu beenden. Ich denke, der Pr\u00e4sident wird sp\u00e4ter einige zus\u00e4tzliche Erkl\u00e4rungen dazu abgeben.\u201c<\/p>\n<p><img decoding=\"async\" width=\"992\" height=\"558\" alt=\"Trump-Sprecherin Karoline Leavitt\" src=\"https:\/\/www.europesays.com\/de\/wp-content\/uploads\/2025\/08\/5d3f0d31b9cf7b580a0b010f103c9468,4575b5b7\"   class=\"landscape\" loading=\"lazy\"\/><\/p>\n<p class=\"fig__caption__text\">Trump-Sprecherin Karoline Leavitt<\/p>\n<p>Foto: EPA<\/p>\n<p>Trump hatte nach seinem Telefonat mit Putin Anfang voriger Woche mitgeteilt, dass der Kreml-Chef einem Treffen mit Selenskyj zugestimmt habe. Moskau sprach in der Folge nur von einer Bereitschaft, die bisherigen bilateralen Verhandlungen \u00fcber einen Frieden auf eine h\u00f6here Ebene zu stellen. <\/p>\n<p>Russland sieht ein Treffen der Pr\u00e4sidenten allenfalls am Ende eines Verhandlungsprozesses, wenn es um die Unterzeichnung einer Vereinbarung geht. Mit dieser Taktik versucht Putin, ein Kriegsende zu verz\u00f6gern. <a href=\"https:\/\/www.bild.de\/politik\/ausland-und-internationales\/ukraine-krieg-angriff-auf-kiew-acht-tote-kindergarten-in-flammen-68afd7af5d3e123a945ada6e\" class=\"text-link\" rel=\"nofollow noopener\" target=\"_blank\">Am Donnerstag bombardierte seine Armee erneut die ukrainische Hauptstadt Kiew.<\/a> Dabei starben nach Angaben des Innenministeriums 21 Menschen, darunter vier Kinder. <\/p>\n<p>Mehr zum Thema<\/p>\n<p>Danach hatte EU-Chefin Ursula von der Leyen (66) mit Trump und Selenskyj telefoniert. Anschlie\u00dfend schrieb sie auf X: \u201eWir m\u00fcssen einen gerechten und dauerhaften Frieden f\u00fcr die Ukraine mit soliden und glaubw\u00fcrdigen Sicherheitsgarantien sichern, die das Land in ein st\u00e4hlernes Stachelschwein verwandeln werden.\u201c<\/p>\n<p>Am Abend wandte sich Selenskyj direkt an Trump. Auf X schrieb Selenskyj \u00fcber den russischen Angriff auf Kiew: \u201eDieser Schlag zeigt deutlich, dass sich die Ziele Russlands nicht ge\u00e4ndert haben. Sie wollen Krieg, und zwar nicht nur gegen unser Volk und unsere St\u00e4dte, sondern gegen jeden auf der Welt, der sich um Frieden bem\u00fcht. Es ist ein Schlag gegen die Ukraine, gegen Europa, auch gegen Pr\u00e4sident Trump und gegen andere globale Akteure.\u201c<\/p>\n","protected":false},"excerpt":{"rendered":"Viel wurde in den vergangenen Wochen verhandelt \u00fcber einen Frieden in der Ukraine. Unterm Strich stand: Jetzt muss&hellip;\n","protected":false},"author":2,"featured_media":380392,"comment_status":"","ping_status":"","sticky":false,"template":"","format":"standard","meta":{"footnotes":""},"categories":[4012],"tags":[331,332,13,14,15,12,45,317],"class_list":{"0":"post-380391","1":"post","2":"type-post","3":"status-publish","4":"format-standard","5":"has-post-thumbnail","7":"category-ukraine","8":"tag-aktuelle-nachrichten","9":"tag-aktuelle-news","10":"tag-headlines","11":"tag-nachrichten","12":"tag-news","13":"tag-schlagzeilen","14":"tag-texttospeech","15":"tag-ukraine"},"share_on_mastodon":{"url":"https:\/\/pubeurope.com\/@de\/115108361390966270","error":""},"_links":{"self":[{"href":"https:\/\/www.europesays.com\/de\/wp-json\/wp\/v2\/posts\/380391","targetHints":{"allow":["GET"]}}],"collection":[{"href":"https:\/\/www.europesays.com\/de\/wp-json\/wp\/v2\/posts"}],"about":[{"href":"https:\/\/www.europesays.com\/de\/wp-json\/wp\/v2\/types\/post"}],"author":[{"embeddable":true,"href":"https:\/\/www.europesays.com\/de\/wp-json\/wp\/v2\/users\/2"}],"replies":[{"embeddable":true,"href":"https:\/\/www.europesays.com\/de\/wp-json\/wp\/v2\/comments?post=380391"}],"version-history":[{"count":0,"href":"https:\/\/www.europesays.com\/de\/wp-json\/wp\/v2\/posts\/380391\/revisions"}],"wp:featuredmedia":[{"embeddable":true,"href":"https:\/\/www.europesays.com\/de\/wp-json\/wp\/v2\/media\/380392"}],"wp:attachment":[{"href":"https:\/\/www.europesays.com\/de\/wp-json\/wp\/v2\/media?parent=380391"}],"wp:term":[{"taxonomy":"category","embeddable":true,"href":"https:\/\/www.europesays.com\/de\/wp-json\/wp\/v2\/categories?post=380391"},{"taxonomy":"post_tag","embeddable":true,"href":"https:\/\/www.europesays.com\/de\/wp-json\/wp\/v2\/tags?post=380391"}],"curies":[{"name":"wp","href":"https:\/\/api.w.org\/{rel}","templated":true}]}}