{"id":380395,"date":"2025-08-28T20:50:13","date_gmt":"2025-08-28T20:50:13","guid":{"rendered":"https:\/\/www.europesays.com\/de\/380395\/"},"modified":"2025-08-28T20:50:13","modified_gmt":"2025-08-28T20:50:13","slug":"sorge-um-britische-verteidigung-experte-sieht-luecken","status":"publish","type":"post","link":"https:\/\/www.europesays.com\/de\/380395\/","title":{"rendered":"Sorge um britische Verteidigung: Experte sieht L\u00fccken"},"content":{"rendered":"<ol class=\"id-DonaldBreadcrumb lp_west_breadcrumb id-DonaldBreadcrumb--default\" data-k5a-pos=\"west_breadcrumb\">\n<li class=\"id-Breadcrumb-item\"><a href=\"https:\/\/www.fr.de\/\" class=\"id-Breadcrumb-link\" data-id-ec=\"{\" shn=\"\" textlink=\"\" data-k5a-pos=\"1_startseite\" rel=\"nofollow noopener\" target=\"_blank\">Startseite<\/a><\/li>\n<li class=\"id-Breadcrumb-item\"><a href=\"https:\/\/www.fr.de\/politik\/\" class=\"id-Breadcrumb-link\" data-id-ec=\"{\" shn=\"\" textlink=\"\" data-k5a-pos=\"2_politik\" rel=\"nofollow noopener\" target=\"_blank\">Politik<\/a><\/li>\n<\/ol>\n<p class=\"id-Story-timestamp id-Story-timestamp--default\">Stand: 28.08.2025, 18:23 Uhr<\/p>\n<p class=\"id-Story-authors id-Story-authors--default\">Von: Marcus Giebel<\/p>\n<p class=\"id-Story-interactionBar id-Story-interactionBar--default\">DruckenTeilen<\/p>\n<p class=\"id-StoryElement-leadText\">Nicht nur osteurop\u00e4ische L\u00e4nder f\u00fcrchten offenbar Angriffe durch Russland. Auch f\u00fcr eine Nation tief im Westen gibt es einiges zu tun, betont ein Experte.<\/p>\n<p class=\"id-StoryElement-paragraph\">London \u2013 Gro\u00dfbritannien liegt ganz im Westen Europas und damit weit entfernt von Russland. Aber offenbar nicht weit genug entfernt. W\u00e4hrend sp\u00e4testens seit Beginn von Russlands <a href=\"https:\/\/www.merkur.de\/politik\/ukraine-konflikt-sti1524391\/\" class=\"id-import-Link id-pageApi-Link--externalDomain\" title=\"Ukraine-Krieg\" data-id-ec=\"{&quot;sht&quot;:&quot;Container&quot;,&quot;shn&quot;:&quot;Story&quot;,&quot;p&quot;:{&quot;containerType&quot;:&quot;Paragraph&quot;,&quot;displayType&quot;:&quot;Paragraph InlineLink&quot;,&quot;type&quot;:&quot;INLINE_LINK&quot;,&quot;value&quot;:&quot;Ukraine-Krieg&quot;,&quot;variant&quot;:&quot;standardLink&quot;,&quot;sponsored&quot;:false,&quot;linkHref&quot;:&quot;https:\/\/www.merkur.de\/politik\/ukraine-konflikt-sti1524391\/&quot;,&quot;storyElementPosition&quot;:8,&quot;storyElementCount&quot;:27}}\" rel=\"nofollow noopener\" target=\"_blank\">Ukraine-Krieg<\/a> vor allem in osteurop\u00e4ischen L\u00e4ndern wie den baltischen Staaten und Moldau die <a href=\"https:\/\/www.fr.de\/politik\/angst-vor-russischem-nato-angriff-bedrohung-ernst-nehmen-deutsche-sollen-vorraete-anlegen-zr-93782457.html\" class=\"id-import-Link\" data-id-ec=\"{&quot;sht&quot;:&quot;Container&quot;,&quot;shn&quot;:&quot;Story&quot;,&quot;p&quot;:{&quot;containerType&quot;:&quot;Paragraph&quot;,&quot;displayType&quot;:&quot;Paragraph InlineLink&quot;,&quot;type&quot;:&quot;INLINE_LINK&quot;,&quot;value&quot;:&quot;Angst vor Angriffen aus Moskau&quot;,&quot;variant&quot;:&quot;standardLink&quot;,&quot;sponsored&quot;:false,&quot;linkHref&quot;:&quot;https:\/\/www.fr.de\/politik\/angst-vor-russischem-nato-angriff-bedrohung-ernst-nehmen-deutsche-sollen-vorraete-anlegen-zr-93782457.html&quot;,&quot;storyElementPosition&quot;:8,&quot;storyElementCount&quot;:27}}\" rel=\"nofollow noopener\" target=\"_blank\">Angst vor Angriffen aus Moskau<\/a> umgeht, sollte sich auch das Vereinigte K\u00f6nigreich nach Meinung von Fachleuten nicht zu sicher sein.<\/p>\n<p><img decoding=\"async\" class=\"id-RatioPlaceholder-element wv_story_el_image\" src=\"https:\/\/www.europesays.com\/de\/wp-content\/uploads\/2025\/08\/39494753-raketen-startet-wladimir-putin-sitzt-an-mikrofon-und-grinst-3J72UuVdbWBG.jpg\" loading=\"lazy\"   height=\"619\" width=\"1100\" alt=\"Raketen startet, Wladimir Putin sitzt an Mikrofon und grinst\"\/>Sorgt auch weit entfernt von Moskau f\u00fcr Unruhe: Selbst das Vereinigte K\u00f6nigreich macht sich Gedanken, was Kreml-Chef Wladimir Putin in den kommenden Jahren aushecken k\u00f6nnte. \u00a9\u00a0IMAGO \/ ZUMA Press, IMAGO \/ ITAR-TASS<\/p>\n<p class=\"id-StoryElement-paragraph\">So zeigt Dr. Sidharth Kaushal, Senior Research Fellow beim britischen Thinktank Royal United Services Institute (RUSI), <a href=\"https:\/\/static.rusi.org\/integrated-air-and-missile-defence-architecture-for-uk.pdf\" rel=\"nofollow noopener\" target=\"_blank\" class=\"id-import-Link id-pageApi-Link--externalDomain\" data-id-ec=\"{&quot;sht&quot;:&quot;Container&quot;,&quot;shn&quot;:&quot;Story&quot;,&quot;p&quot;:{&quot;containerType&quot;:&quot;Paragraph&quot;,&quot;displayType&quot;:&quot;Paragraph InlineLink&quot;,&quot;type&quot;:&quot;INLINE_LINK&quot;,&quot;value&quot;:&quot;in seinem Bericht&quot;,&quot;variant&quot;:&quot;standardLink&quot;,&quot;sponsored&quot;:false,&quot;linkHref&quot;:&quot;https:\/\/static.rusi.org\/integrated-air-and-missile-defence-architecture-for-uk.pdf&quot;,&quot;storyElementPosition&quot;:11,&quot;storyElementCount&quot;:27}}\">in seinem Bericht<\/a> auf, wie der Inselstaat seine Luft- und Raketenabwehrarchitektur aufbauen m\u00fcsste, um gewappnet zu sein, sollte sich Kreml-Chef <a href=\"https:\/\/www.merkur.de\/politik\/wladimir-putin-per42970\/\" class=\"id-import-Link id-pageApi-Link--externalDomain\" title=\"Wladimir Putin\" data-id-ec=\"{&quot;sht&quot;:&quot;Container&quot;,&quot;shn&quot;:&quot;Story&quot;,&quot;p&quot;:{&quot;containerType&quot;:&quot;Paragraph&quot;,&quot;displayType&quot;:&quot;Paragraph InlineLink&quot;,&quot;type&quot;:&quot;INLINE_LINK&quot;,&quot;value&quot;:&quot;Wladimir Putin&quot;,&quot;variant&quot;:&quot;standardLink&quot;,&quot;sponsored&quot;:false,&quot;linkHref&quot;:&quot;https:\/\/www.merkur.de\/politik\/wladimir-putin-per42970\/&quot;,&quot;storyElementPosition&quot;:11,&quot;storyElementCount&quot;:27}}\" rel=\"nofollow noopener\" target=\"_blank\">Wladimir Putin<\/a> auch ihm widmen. Der Experte verweist auf Russlands Arsenal f\u00fcr Langstrecken-Angriffe und die nachgewiesene F\u00e4higkeit, konventionelle Pr\u00e4zisionsschl\u00e4ge einzusetzen.<\/p>\n<p>Gro\u00dfbritannien und Russland als Bedrohung: Milit\u00e4r muss sich f\u00fcr m\u00f6gliche Angriffe r\u00fcsten<\/p>\n<p class=\"id-StoryElement-paragraph\">Dabei erwartet er, dass in den n\u00e4chsten zwei Jahrzehnten <a href=\"https:\/\/www.merkur.de\/politik\/russland-krieg-bis-2030-britischer-general-mahnt-was-brauchen-wir-noch-fuer-signale-93831994.html\" class=\"id-import-Link id-pageApi-Link--externalDomain\" data-id-ec=\"{&quot;sht&quot;:&quot;Container&quot;,&quot;shn&quot;:&quot;Story&quot;,&quot;p&quot;:{&quot;containerType&quot;:&quot;Paragraph&quot;,&quot;displayType&quot;:&quot;Paragraph InlineLink&quot;,&quot;type&quot;:&quot;INLINE_LINK&quot;,&quot;value&quot;:&quot;verschiedene Aspekte der Bedrohung&quot;,&quot;variant&quot;:&quot;standardLink&quot;,&quot;sponsored&quot;:false,&quot;linkHref&quot;:&quot;https:\/\/www.merkur.de\/politik\/russland-krieg-bis-2030-britischer-general-mahnt-was-brauchen-wir-noch-fuer-signale-93831994.html&quot;,&quot;storyElementPosition&quot;:14,&quot;storyElementCount&quot;:27}}\" rel=\"nofollow noopener\" target=\"_blank\">verschiedene Aspekte der Bedrohung<\/a> zu unterschiedlichen Zeitpunkten akut werden. Aufgrund der begrenzten russischen Produktion und der Nutzung zur Abschreckung der USA d\u00fcrften Marschflugk\u00f6rper demnach in den n\u00e4chsten f\u00fcnf Jahren noch keine gro\u00dfe Rolle f\u00fcr die Briten spielen. Das d\u00fcrfte sich aber ab Mitte der 2030er Jahre \u00e4ndern.<\/p>\n<p class=\"id-StoryElement-paragraph\">Weiter vermutet der Experte, dass es Russland zun\u00e4chst auf milit\u00e4rische Ziele absehen wird, solange die Verwundbarkeit dort am gr\u00f6\u00dften ist. Denn wie die <a href=\"https:\/\/www.merkur.de\/politik\/bundeswehr-org26560\/\" class=\"id-import-Link id-pageApi-Link--externalDomain\" title=\"Bundeswehr\" data-id-ec=\"{&quot;sht&quot;:&quot;Container&quot;,&quot;shn&quot;:&quot;Story&quot;,&quot;p&quot;:{&quot;containerType&quot;:&quot;Paragraph&quot;,&quot;displayType&quot;:&quot;Paragraph InlineLink&quot;,&quot;type&quot;:&quot;INLINE_LINK&quot;,&quot;value&quot;:&quot;Bundeswehr&quot;,&quot;variant&quot;:&quot;standardLink&quot;,&quot;sponsored&quot;:false,&quot;linkHref&quot;:&quot;https:\/\/www.merkur.de\/politik\/bundeswehr-org26560\/&quot;,&quot;storyElementPosition&quot;:15,&quot;storyElementCount&quot;:27}}\" rel=\"nofollow noopener\" target=\"_blank\">Bundeswehr<\/a> wurde auch das britische Milit\u00e4r viele Jahre lang zusammengeschrumpft und muss daher erst einmal wieder aufger\u00fcstet werden. Im Hinblick auf Russland sollte die Verbesserung der Abwehr gegen Ultraschall-Marschflugk\u00f6rper Vorrang genie\u00dfen, hei\u00dft es weiter. Der Fokus solle auf hoch entwickelte L-Band-Sensoren und Boden-Luft-Raketen mit gr\u00f6\u00dferer Reichweite gelegt werden.<\/p>\n<p>Putins Zirkel der Macht im Kreml \u2013 die Vertrauten des russischen Pr\u00e4sidenten<img decoding=\"async\" class=\"id-RatioPlaceholder-element wv_story_el_interstitialImage\" src=\"https:\/\/www.europesays.com\/de\/wp-content\/uploads\/2025\/04\/30847729-putin-prigoschin-kadyrow-lawrow-medwedew-kabajewa-solowjow-bortnikow-schoigu-kyrill-dugin-p.jpeg\" loading=\"lazy\"   height=\"1350\" width=\"2400\" alt=\"Wladimir Putin, Jewgeni Prigoschin, Ramsan Kadyrow, Sergej Lawrow, Dimitri Medwedew, Alina Kabajewa, Wladimir Solowjow, Alexander Bortnikow, Sergej Schoigu, Kyrill I., Aleksander Dugin, Nikolai Patruschew, Sergej Naryschkin\"\/><a href=\"https:\/\/www.fr.de\/politik\/wladimir-putin-russland-vertraute-schergen-kreml-macht-innerer-zirkel-bilder-fotostrecke-zr-92076402.html\" class=\"id-StoryElement-intestitialLink-link\" data-id-ec=\"{\" shn=\"\" ansehen=\"\" data-k5a-pos=\"west_story_16_photoGalleryLink\" title=\"Zur Fotostrecke: Putins Zirkel der Macht im Kreml &#x2013; die Vertrauten des russischen Pr&#xE4;sidenten\" rel=\"nofollow noopener\" target=\"_blank\">Fotostrecke ansehen<\/a>Gro\u00dfbritannien als Atommacht: Schon im Kalten Krieg f\u00fcr Pr\u00e4ventivangriffe gewappnet<\/p>\n<p class=\"id-StoryElement-paragraph\">F\u00fcr die Zeit von der Mitte der 2030er Jahre bis Anfang der 2040er Jahre werde wahrscheinlich die Abwehr ballistischer Raketen wichtig sein. Hier empfiehlt Kaushal das Senkrechtstartsystem MK 41. Andere Systeme k\u00f6nnten weiterentwickelt werden. Nach 2040 erwartet er, dass auch die Abwehr von Hyperschallgleitern eine h\u00f6here Priorit\u00e4t erhalten wird.<\/p>\n<p class=\"id-StoryElement-paragraph\">Einerseits warnt Kaushal vor angstgetriebenen \u00dcberinvestitionen in die nationale Luft- und Raketenabwehr, andererseits bestehe aber auch das Risiko, die Gefahr nicht ernst zu nehmen. Zwar genie\u00dfe Gro\u00dfbritannien mit seiner Lage und seinem Status als Atommacht Vorteile, dies gehe aber nicht mit absoluter Sicherheit einher. Auch w\u00e4hrend des Kalten Krieges sei erkannt worden, dass der Staat zum Ziel von Pr\u00e4ventivangriffen werden k\u00f6nnte.<\/p>\n<p><img decoding=\"async\" class=\"id-RatioPlaceholder-element wv_story_el_image\" src=\"https:\/\/www.europesays.com\/de\/wp-content\/uploads\/2025\/08\/39494798-kriegsschiffe-feuern-in-die-luft-u8kL7KgxmBG.jpg\" loading=\"lazy\"   height=\"619\" width=\"1100\" alt=\"Kriegsschiffe feuern in die Luft\"\/>In diesem Fall nur eine \u00dcbung: Wie in diesem Fall in der Ostsee k\u00f6nnte Russland seine Flotte zum Angriff auf sogenannte unfreundliche Staaten ansetzen. \u00a9\u00a0IMAGO \/ ITAR-TASS<br \/>\nPutin und seine Atom-U-Boote: Britischer Experte hofft auf Ablenkung durch Milit\u00e4rb\u00fcndnis<\/p>\n<p class=\"id-StoryElement-paragraph\">Der auf den Bereich Seemacht spezialisierte Fachmann hatte bereits <a href=\"https:\/\/www.rusi.org\/explore-our-research\/publications\/commentary\/optimising-readiness-uk-astute-fleet\" rel=\"nofollow noopener\" target=\"_blank\" class=\"id-import-Link id-pageApi-Link--externalDomain\" data-id-ec=\"{&quot;sht&quot;:&quot;Container&quot;,&quot;shn&quot;:&quot;Story&quot;,&quot;p&quot;:{&quot;containerType&quot;:&quot;Paragraph&quot;,&quot;displayType&quot;:&quot;Paragraph InlineLink&quot;,&quot;type&quot;:&quot;INLINE_LINK&quot;,&quot;value&quot;:&quot;in einem vorigen Beitrag&quot;,&quot;variant&quot;:&quot;standardLink&quot;,&quot;sponsored&quot;:false,&quot;linkHref&quot;:&quot;https:\/\/www.rusi.org\/explore-our-research\/publications\/commentary\/optimising-readiness-uk-astute-fleet&quot;,&quot;storyElementPosition&quot;:24,&quot;storyElementCount&quot;:27}}\">in einem vorigen Beitrag<\/a> auf die <a href=\"https:\/\/www.fr.de\/politik\/russisches-boot-von-britischer-marine-auf-nato-mission-verfolgt-zr-93725410.html\" class=\"id-import-Link\" data-id-ec=\"{&quot;sht&quot;:&quot;Container&quot;,&quot;shn&quot;:&quot;Story&quot;,&quot;p&quot;:{&quot;containerType&quot;:&quot;Paragraph&quot;,&quot;displayType&quot;:&quot;Paragraph InlineLink&quot;,&quot;type&quot;:&quot;INLINE_LINK&quot;,&quot;value&quot;:&quot;wachsende Bedrohung durch die russische Nord-Flotte&quot;,&quot;variant&quot;:&quot;standardLink&quot;,&quot;sponsored&quot;:false,&quot;linkHref&quot;:&quot;https:\/\/www.fr.de\/politik\/russisches-boot-von-britischer-marine-auf-nato-mission-verfolgt-zr-93725410.html&quot;,&quot;storyElementPosition&quot;:24,&quot;storyElementCount&quot;:27}}\" rel=\"nofollow noopener\" target=\"_blank\">wachsende Bedrohung durch die russische Nord-Flotte<\/a> hingewiesen. Sorge m\u00fcsse auch bereiten, dass die britische Flotte mit <a href=\"https:\/\/www.fr.de\/politik\/russische-operationen-im-atlantik-macht-putin-jagd-auf-nato-boote-zr-93685378.html\" class=\"id-import-Link\" data-id-ec=\"{&quot;sht&quot;:&quot;Container&quot;,&quot;shn&quot;:&quot;Story&quot;,&quot;p&quot;:{&quot;containerType&quot;:&quot;Paragraph&quot;,&quot;displayType&quot;:&quot;Paragraph InlineLink&quot;,&quot;type&quot;:&quot;INLINE_LINK&quot;,&quot;value&quot;:&quot;f&#xFC;nf Atom-U-Booten der Astute-Klasse&quot;,&quot;variant&quot;:&quot;standardLink&quot;,&quot;sponsored&quot;:false,&quot;linkHref&quot;:&quot;https:\/\/www.fr.de\/politik\/russische-operationen-im-atlantik-macht-putin-jagd-auf-nato-boote-zr-93685378.html&quot;,&quot;storyElementPosition&quot;:24,&quot;storyElementCount&quot;:27}}\" rel=\"nofollow noopener\" target=\"_blank\">f\u00fcnf Atom-U-Booten der Astute-Klasse<\/a> derzeit weniger als die H\u00e4lfte der Anzahl aus den Zeiten des Kalten Krieges im Einsatz habe. Ihnen w\u00fcrde jedoch entscheidende Bedeutung beigemessen, denn die <a href=\"https:\/\/www.merkur.de\/politik\/nato-gruendung-russland-krieg-ukraine-doppelbeschluss-mitglieder-europa-usa-buendnis-92997764.html\" class=\"id-import-Link id-pageApi-Link--externalDomain\" data-id-ec=\"{&quot;sht&quot;:&quot;Container&quot;,&quot;shn&quot;:&quot;Story&quot;,&quot;p&quot;:{&quot;containerType&quot;:&quot;Paragraph&quot;,&quot;displayType&quot;:&quot;Paragraph InlineLink&quot;,&quot;type&quot;:&quot;INLINE_LINK&quot;,&quot;value&quot;:&quot;Nato&quot;,&quot;variant&quot;:&quot;standardLink&quot;,&quot;sponsored&quot;:false,&quot;linkHref&quot;:&quot;https:\/\/www.merkur.de\/politik\/nato-gruendung-russland-krieg-ukraine-doppelbeschluss-mitglieder-europa-usa-buendnis-92997764.html&quot;,&quot;storyElementPosition&quot;:24,&quot;storyElementCount&quot;:27}}\" rel=\"nofollow noopener\" target=\"_blank\">Nato<\/a> baue auf die Modelle.<\/p>\n<p class=\"id-StoryElement-paragraph\">Zugleich stellt Kaushal klar, dass Russland zwar \u00fcber 13 aktive Atom- und Lenkwaffen-U-Boote verf\u00fcge, von diesen k\u00f6nnte jedoch lediglich eine Handvoll als wirklich modern bezeichnet werden. F\u00fcr Gro\u00dfbritannien sei hier besonders der Zeitraum bis 2035 akut, da sich einerseits die US-Flotte vermehrt dem Indopazifik widmen und gleichzeitig die russische Bedrohung zunehmen werde. In diesem Zeitraum sollten die U-Boote der Astute-Klasse, von denen in den kommenden Jahren zwei weitere fertiggestellt werden sollen, nicht mit Aufgaben \u00fcberh\u00e4uft werden.<\/p>\n<p class=\"id-StoryElement-paragraph\">Auch auf das Milit\u00e4rb\u00fcndnis AUKUS zwischen Australien, dem Vereinigten K\u00f6nigreich und den USA kommt Kaushal zu sprechen. \u00dcber dieses soll der Partner Down Under bei der Entwicklung und dem Einsatz von Atom-U-Booten unterst\u00fctzt werden. Ab 2027 wird damit eines der Boote in Perth stationiert sein. Zugleich k\u00f6nnte diese Zusammenarbeit aber auch dazu f\u00fchren, russische Truppen von Europa fernzuhalten, sollte Moskau eine weitere Bedrohung f\u00fcr seine Interessen im Fernen Osten wahrnehmen. Nicht nur f\u00fcr London w\u00e4re das wohl ein positiver Nebeneffekt. (mg)<\/p>\n","protected":false},"excerpt":{"rendered":"Startseite Politik Stand: 28.08.2025, 18:23 Uhr Von: Marcus Giebel DruckenTeilen Nicht nur osteurop\u00e4ische L\u00e4nder f\u00fcrchten offenbar Angriffe durch&hellip;\n","protected":false},"author":2,"featured_media":380396,"comment_status":"","ping_status":"","sticky":false,"template":"","format":"standard","meta":{"footnotes":""},"categories":[3976],"tags":[331,332,13,14,15,12,3992,3993,3994,3995,3996,3997],"class_list":{"0":"post-380395","1":"post","2":"type-post","3":"status-publish","4":"format-standard","5":"has-post-thumbnail","7":"category-vereinigtes-koenigreich","8":"tag-aktuelle-nachrichten","9":"tag-aktuelle-news","10":"tag-headlines","11":"tag-nachrichten","12":"tag-news","13":"tag-schlagzeilen","14":"tag-uk","15":"tag-united-kingdom","16":"tag-united-kingdom-of-great-britain-and-northern-ireland","17":"tag-vereinigtes-koenigreich","18":"tag-vereinigtes-koenigreich-grossbritannien-und-nordirland","19":"tag-vereinigtes-koenigreich-von-grossbritannien-und-nordirland"},"share_on_mastodon":{"url":"https:\/\/pubeurope.com\/@de\/115108369323525668","error":""},"_links":{"self":[{"href":"https:\/\/www.europesays.com\/de\/wp-json\/wp\/v2\/posts\/380395","targetHints":{"allow":["GET"]}}],"collection":[{"href":"https:\/\/www.europesays.com\/de\/wp-json\/wp\/v2\/posts"}],"about":[{"href":"https:\/\/www.europesays.com\/de\/wp-json\/wp\/v2\/types\/post"}],"author":[{"embeddable":true,"href":"https:\/\/www.europesays.com\/de\/wp-json\/wp\/v2\/users\/2"}],"replies":[{"embeddable":true,"href":"https:\/\/www.europesays.com\/de\/wp-json\/wp\/v2\/comments?post=380395"}],"version-history":[{"count":0,"href":"https:\/\/www.europesays.com\/de\/wp-json\/wp\/v2\/posts\/380395\/revisions"}],"wp:featuredmedia":[{"embeddable":true,"href":"https:\/\/www.europesays.com\/de\/wp-json\/wp\/v2\/media\/380396"}],"wp:attachment":[{"href":"https:\/\/www.europesays.com\/de\/wp-json\/wp\/v2\/media?parent=380395"}],"wp:term":[{"taxonomy":"category","embeddable":true,"href":"https:\/\/www.europesays.com\/de\/wp-json\/wp\/v2\/categories?post=380395"},{"taxonomy":"post_tag","embeddable":true,"href":"https:\/\/www.europesays.com\/de\/wp-json\/wp\/v2\/tags?post=380395"}],"curies":[{"name":"wp","href":"https:\/\/api.w.org\/{rel}","templated":true}]}}