{"id":380471,"date":"2025-08-28T21:59:22","date_gmt":"2025-08-28T21:59:22","guid":{"rendered":"https:\/\/www.europesays.com\/de\/380471\/"},"modified":"2025-08-28T21:59:22","modified_gmt":"2025-08-28T21:59:22","slug":"vanessa-mai-gab-doppeltes-jawort-wer-ist-der-mann-an-ihrer-seite","status":"publish","type":"post","link":"https:\/\/www.europesays.com\/de\/380471\/","title":{"rendered":"Vanessa Mai gab doppeltes Jawort: Wer ist der Mann an ihrer Seite?"},"content":{"rendered":"<p>Im Ehegl\u00fcck <\/p>\n<p>Vanessa Mai gab doppeltes Jawort: Wer ist der Mann an ihrer Seite?  <\/p>\n<p>von <a href=\"https:\/\/www.bunte.de\/autoren\/antonia-benz_dbb875d2-abdd-4213-b919-dd67f02e1554.html\" rel=\"nofollow noopener\" target=\"_blank\">Antonia  Benz<\/a><\/p>\n<p>28.08.2025, 21:40 Uhr<\/p>\n<p>28. August 2025 um 21:40 Uhr<\/p>\n<p>Vanessa Mai ist seit acht Jahren mit ihrem Manager Andreas Ferber verheiratet, sagte gleich zweimal &#8222;Ja&#8220; zu ihm. Wer Ferbers ber\u00fchmte Stiefmutter ist. <\/p>\n<p><a href=\"https:\/\/www.bunte.de\/starprofile\/vanessa-mai.html\" rel=\"follow nofollow noopener\" target=\"_self\">Vanessa Mai<\/a> (33) ist vom Schlager-Himmel nicht wegzudenken. Nicht nur beruflich l\u00e4uft es f\u00fcr sie rund, sondern auch privat schwebt sie im Gl\u00fcck mit Ehemann Andreas Ferber. Die beiden sind seit 2013 zusammen und kr\u00f6nten ihre Liebe 2017 mit der Hochzeit \u2013 f\u00fcnf Jahre sp\u00e4ter erneuerten sie ihr Ehegel\u00fcbde sogar noch einmal. Aber wer ist der gl\u00fcckliche Mann an ihrer Seite?<\/p>\n<p><img decoding=\"async\" data-hk=\"0110200010\" loading=\"lazy\"  src=\"https:\/\/www.europesays.com\/de\/wp-content\/uploads\/2025\/08\/7c217487-113d-4a4d-9737-4d5818d61383.10deca6c-b925-41e6-83f4-37931723b096.jpeg\"  alt=\"Seltener Familienauftritt: Mit ihren M\u00e4nnern auf dem roten Teppich\"\/><\/p>\n<p>Seltener Familienauftritt: Die Schlagers\u00e4ngerinnen mit ihren M\u00e4nnern auf dem roten TeppichFranziska Krug\/Getty Images<\/p>\n<p>Vanessa Mai ist mit ihrem Musikmanager gl\u00fccklich verheiratet<\/p>\n<p>Andreas ist der Musikmanager von Vanessa und gleichzeitig ihr Ehemann. Andreas steht zudem in einem besonderen Verh\u00e4ltnis zu einer anderen Schlager-Gr\u00f6\u00dfe: Er ist der Stiefsohn von Andrea Berg (59). Die Schlagers\u00e4ngerin ist n\u00e4mlich seit 2007 mit dessen Vater, dem Sport- und Musikmanager Ulrich Ferber (65), verheiratet. Andreas scheint Papa Ulrich etwas nachzumachen, denn der 65-J\u00e4hrige ist ebenso der Manager seiner Ehefrau Andrea Berg (b\u00fcrgerlich: Andrea Ferber).\u00a0<\/p>\n<p>ANZEIGE<\/p>\n<p>Zudem ist Ulrich als erfolgreicher Hotelier bekannt. Er ist etwa Inhaber des Hotels Sonnenhof in Aspach, das vor allem unter Schlagerfans beliebt ist.\u00a0<\/p>\n<p><img decoding=\"async\" data-hk=\"009350a1905004010\" loading=\"lazy\"  src=\"https:\/\/www.europesays.com\/de\/wp-content\/uploads\/2025\/08\/1ef48a55-c438-4c1f-a0de-1262d55d16e4.63db8048-2e7a-43ef-a804-efd057dcd875.jpg\"  alt=\"Vanessa Mai und Andreas Ferber\" width=\"480\" height=\"720\"\/> Seit 2013 sind Vanessa und Andreas ein Paar \u2013 um die Beziehung musste Vanessa erstmal k\u00e4mpfen.  Isa Foltin\/Getty Images So eroberte die Schlagers\u00e4ngerin das Herz ihres Managers<\/p>\n<p>Die Schlagers\u00e4ngerin Vanessa und ihr Andreas sind seit 2013 zusammen. Vier Jahre sp\u00e4ter gaben sie sich das Jawort: am 6. Juni 2017. Doch bis es zur Beziehung kam, musste Vanessa sich ganz sch\u00f6n anstrengen. Die beiden lernten sich beim Casting f\u00fcr die Schlagerband &#8222;Wolkenfrei&#8220; kennen, wie die Zeitung <a href=\"https:\/\/www.hna.de\/leute\/achter-hochzeitstag-bei-vanessa-mai-so-hat-sie-ihren-liebsten-kennengelernt-93773908.html\" rel=\"nofollow noopener\" target=\"_blank\">&#8222;hna.de&#8220;<\/a> berichtet. Vanessa wurde Bandmitglied und Andreas ihr Manager.\u00a0<\/p>\n<p>ANZEIGE<\/p>\n<p>Andreas wollte die Beziehung professionell halten, aber Vanessa hatte andere Pl\u00e4ne. &#8222;Ich habe gewusst, den werde ich heiraten und habe mich super, super, super ran geschmissen&#8220; verriet sie einst in der &#8222;Giovanni Zarrella Show.&#8220; Aber das habe nicht geklappt&#8230; erst als sie losgelassen habe, &#8222;kam er von alleine.&#8220;\u00a0<\/p>\n<p>Mit ihrem Bauchgef\u00fchl sollte Vanessa recht behalten: Heute sind die Turteltauben im neunten Ehejahr.\u00a0<\/p>\n","protected":false},"excerpt":{"rendered":"Im Ehegl\u00fcck Vanessa Mai gab doppeltes Jawort: Wer ist der Mann an ihrer Seite? von Antonia Benz 28.08.2025,&hellip;\n","protected":false},"author":2,"featured_media":380472,"comment_status":"","ping_status":"","sticky":false,"template":"","format":"standard","meta":{"footnotes":""},"categories":[1776],"tags":[1801,29,214,30,1802,215],"class_list":{"0":"post-380471","1":"post","2":"type-post","3":"status-publish","4":"format-standard","5":"has-post-thumbnail","7":"category-prominente","8":"tag-celebrities","9":"tag-deutschland","10":"tag-entertainment","11":"tag-germany","12":"tag-prominente","13":"tag-unterhaltung"},"share_on_mastodon":{"url":"https:\/\/pubeurope.com\/@de\/115108640498180820","error":""},"_links":{"self":[{"href":"https:\/\/www.europesays.com\/de\/wp-json\/wp\/v2\/posts\/380471","targetHints":{"allow":["GET"]}}],"collection":[{"href":"https:\/\/www.europesays.com\/de\/wp-json\/wp\/v2\/posts"}],"about":[{"href":"https:\/\/www.europesays.com\/de\/wp-json\/wp\/v2\/types\/post"}],"author":[{"embeddable":true,"href":"https:\/\/www.europesays.com\/de\/wp-json\/wp\/v2\/users\/2"}],"replies":[{"embeddable":true,"href":"https:\/\/www.europesays.com\/de\/wp-json\/wp\/v2\/comments?post=380471"}],"version-history":[{"count":0,"href":"https:\/\/www.europesays.com\/de\/wp-json\/wp\/v2\/posts\/380471\/revisions"}],"wp:featuredmedia":[{"embeddable":true,"href":"https:\/\/www.europesays.com\/de\/wp-json\/wp\/v2\/media\/380472"}],"wp:attachment":[{"href":"https:\/\/www.europesays.com\/de\/wp-json\/wp\/v2\/media?parent=380471"}],"wp:term":[{"taxonomy":"category","embeddable":true,"href":"https:\/\/www.europesays.com\/de\/wp-json\/wp\/v2\/categories?post=380471"},{"taxonomy":"post_tag","embeddable":true,"href":"https:\/\/www.europesays.com\/de\/wp-json\/wp\/v2\/tags?post=380471"}],"curies":[{"name":"wp","href":"https:\/\/api.w.org\/{rel}","templated":true}]}}