{"id":380473,"date":"2025-08-28T22:00:11","date_gmt":"2025-08-28T22:00:11","guid":{"rendered":"https:\/\/www.europesays.com\/de\/380473\/"},"modified":"2025-08-28T22:00:11","modified_gmt":"2025-08-28T22:00:11","slug":"zersaegtes-cranach-gemaelde-soll-in-gotha-wieder-vereint-werden","status":"publish","type":"post","link":"https:\/\/www.europesays.com\/de\/380473\/","title":{"rendered":"Zers\u00e4gtes Cranach-Gem\u00e4lde soll in Gotha wieder vereint werden"},"content":{"rendered":"<p class=\"text\">\nDie Friedenstein Stiftung will den Neuerwerb am kommenden Montag mit dem in Gotha verblieben Unterteil des Gem\u00e4ldes im Herzoglichen Museum pr\u00e4sentieren &#8211; erstmals nach fast 90 Jahren. Zuerst hatte der &#8222;Spiegel&#8220; dar\u00fcber berichtet.\u00a0\n<\/p>\n<p>Zerst\u00f6rt, um Verkaufschancen zu steigern?<\/p>\n<p class=\"text\">\nLaut dem Medienbericht konnte das verloren geglaubte und restaurierungsbed\u00fcrftige Fragment zur\u00fcckgekauft werden. Ein K\u00f6lner Kunsth\u00e4ndler hatte demnach 1936 das auf Tannenholz gemalte Bild zers\u00e4gt, weil er sich an dem blutigen Kopf des Propheten Johannes der T\u00e4ufer st\u00f6rte und ohne ihn bessere Verkaufschancen sah.<\/p>\n","protected":false},"excerpt":{"rendered":"Die Friedenstein Stiftung will den Neuerwerb am kommenden Montag mit dem in Gotha verblieben Unterteil des Gem\u00e4ldes im&hellip;\n","protected":false},"author":2,"featured_media":380474,"comment_status":"","ping_status":"","sticky":false,"template":"","format":"standard","meta":{"footnotes":""},"categories":[1775],"tags":[1793,29,214,6409,30,102919,17389,10914,1794,81,14,102918,102920,861,215,85969],"class_list":{"0":"post-380473","1":"post","2":"type-post","3":"status-publish","4":"format-standard","5":"has-post-thumbnail","7":"category-kunst-und-design","8":"tag-art-and-design","9":"tag-deutschland","10":"tag-entertainment","11":"tag-gemaelde","12":"tag-germany","13":"tag-herodes","14":"tag-johannes","15":"tag-kopf","16":"tag-kunst-und-design","17":"tag-mdr","18":"tag-nachrichten","19":"tag-salome","20":"tag-tablett","21":"tag-thueringen","22":"tag-unterhaltung","23":"tag-zersaegt"},"share_on_mastodon":{"url":"","error":""},"_links":{"self":[{"href":"https:\/\/www.europesays.com\/de\/wp-json\/wp\/v2\/posts\/380473","targetHints":{"allow":["GET"]}}],"collection":[{"href":"https:\/\/www.europesays.com\/de\/wp-json\/wp\/v2\/posts"}],"about":[{"href":"https:\/\/www.europesays.com\/de\/wp-json\/wp\/v2\/types\/post"}],"author":[{"embeddable":true,"href":"https:\/\/www.europesays.com\/de\/wp-json\/wp\/v2\/users\/2"}],"replies":[{"embeddable":true,"href":"https:\/\/www.europesays.com\/de\/wp-json\/wp\/v2\/comments?post=380473"}],"version-history":[{"count":0,"href":"https:\/\/www.europesays.com\/de\/wp-json\/wp\/v2\/posts\/380473\/revisions"}],"wp:featuredmedia":[{"embeddable":true,"href":"https:\/\/www.europesays.com\/de\/wp-json\/wp\/v2\/media\/380474"}],"wp:attachment":[{"href":"https:\/\/www.europesays.com\/de\/wp-json\/wp\/v2\/media?parent=380473"}],"wp:term":[{"taxonomy":"category","embeddable":true,"href":"https:\/\/www.europesays.com\/de\/wp-json\/wp\/v2\/categories?post=380473"},{"taxonomy":"post_tag","embeddable":true,"href":"https:\/\/www.europesays.com\/de\/wp-json\/wp\/v2\/tags?post=380473"}],"curies":[{"name":"wp","href":"https:\/\/api.w.org\/{rel}","templated":true}]}}