{"id":380483,"date":"2025-08-28T22:05:14","date_gmt":"2025-08-28T22:05:14","guid":{"rendered":"https:\/\/www.europesays.com\/de\/380483\/"},"modified":"2025-08-28T22:05:14","modified_gmt":"2025-08-28T22:05:14","slug":"us-versicherer-werden-wahrscheinlich-noch-in-diesem-jahr-aktualisierte-covid-impfungen-abdecken-sagen-branchenquellen-tradingview-news","status":"publish","type":"post","link":"https:\/\/www.europesays.com\/de\/380483\/","title":{"rendered":"US-Versicherer werden wahrscheinlich noch in diesem Jahr aktualisierte COVID-Impfungen abdecken, sagen Branchenquellen \u2014 TradingView News"},"content":{"rendered":"<p class=\"\">    Es ist unwahrscheinlich, dass sich die Kosten\u00fcbernahme des COVID-19-Impfstoffs durch die Krankenkassen in diesem Herbst \u00e4ndern wird, auch wenn die Food and Drug Administration die Impfung  auf Personen ab 65 Jahren oder Personen mit gesundheitlichen Einschr\u00e4nkungen beschr\u00e4nkt hat, so Insider bei zwei Versicherungsorganisationen.<\/p>\n<p class=\"\">Die Deckung k\u00f6nnte sich ab Januar 2026 \u00e4ndern, wenn die Krankenversicherungen neue j\u00e4hrliche Leistungen anbieten und je nach den Empfehlungen, die in den kommenden Monaten vom externen Beraterausschuss der US-Zentren f\u00fcr Krankheitskontrolle und -pr\u00e4vention abgegeben werden, f\u00fcgten sie hinzu.<\/p>\n<p class=\"\">Die US-Versicherer bieten derzeit eine breite kostenlose Abdeckung f\u00fcr die Erstimpfungen und die j\u00e4hrlichen COVID-Auffrischungen auf der Grundlage der Empfehlungen dieses Ausschusses, des so genannten Advisory Committee on Immunization Practices, wie im Affordable Care Act vorgesehen.<\/p>\n<p class=\"\">Gesundheitsminister Robert F. Kennedy Jr., ein Impfstoffskeptiker, hat die Sicherheit der gegen Covid verwendeten Impfstoffe in Frage gestellt und den Kreis der Anspruchsberechtigten f\u00fcr die Impfungen ge\u00e4ndert. Er ersetzte alle 17 Mitglieder des beratenden Ausschusses durch Personen, die seine Ansichten teilen, und k\u00fcndigte an, dass die CDC den COVID-Impfstoff f\u00fcr schwangere Frauen und gesunde Kinder nicht mehr empfehlen w\u00fcrde.<\/p>\n<p class=\"\">     Susan Monarez, die von Kennedy als CDC-Direktorin ausgew\u00e4hlt worden war, wurde am Mittwoch entlassen (<a class=\"link-zw5jRdec icon-zw5jRdec\" target=\"_blank\" href=\"https:\/\/www.reuters.com\/legal\/litigation\/fired-cdc-director-resisted-kennedys-changes-vaccine-policy-2025-08-28\/\" rel=\"nofollow noopener\">link<\/a>), ein Schritt, den sie auf die \u00c4nderungen der Impfstoffpolitik der Beh\u00f6rde zur\u00fcckf\u00fchrte, wie ein enger Mitarbeiter sagte. <\/p>\n<p class=\"\">Kennedy holte auch den FDA-Kommissar Marty Makary ins Amt, der die FDA bei der Beschr\u00e4nkung ihrer Zulassung auf Personen ab 65 Jahren oder Personen im Alter von 6 Monaten bis 64 Jahren mit dem Risiko einer schweren Erkrankung geleitet hat. Das US-Gesundheitsministerium hat erkl\u00e4rt, dass andere Personen die Impfung in Absprache mit ihrem Arzt erhalten k\u00f6nnen.<\/p>\n<p class=\"\">&#8222;Individuelle Gesundheitspl\u00e4ne und Plansponsoren werden darauf vorbereitet sein, Deckungsentscheidungen auf der Grundlage wissenschaftlicher Erkenntnisse, neuester medizinischer Beweise und Daten zu treffen&#8220;, sagte ein Sprecher des Branchenverbands America&#8217;s Health Insurance Plans.<\/p>\n<p class=\"\">Der Sprecher sagte, dass die Entscheidungen evidenzbasiert sein werden und die Empfehlungen des CDC-Komitees von externen Beratern ber\u00fccksichtigen werden.<\/p>\n<p class=\"\">Ein Sprecher des zu CVS Health <a href=\"https:\/\/de.tradingview.com\/symbols\/NYSE-CVS\/\" class=\"container-ekXxv5Y5 symbolTag-cwMMKgmm tag-zVPYJd3B xsmall-zVPYJd3B interactive-zVPYJd3B apply-overflow-tooltip apply-overflow-tooltip--allow-text apply-overflow-tooltip--check-children\" rel=\"nofollow noopener\" target=\"_blank\"><img decoding=\"async\" class=\"logo-PsAlMQQF xxxsmall-PsAlMQQF wrapper-TJ9ObuLF skeleton-PsAlMQQF\" crossorigin=\"\" src=\"https:\/\/s3-symbol-logo.tradingview.com\/cvs-health.svg\" alt=\"\"\/>CVS<\/a> geh\u00f6renden Versicherers Aetna sagte, dass das Unternehmen f\u00fcr die von ihm betriebenen und finanzierten Pl\u00e4ne weiterhin die COVID-Impfstoffe ohne Kostenbeteiligung abdecken wird.<\/p>\n<p class=\"\">UnitedHealth Group <a href=\"https:\/\/de.tradingview.com\/symbols\/NYSE-UNH\/\" class=\"container-ekXxv5Y5 symbolTag-cwMMKgmm tag-zVPYJd3B xsmall-zVPYJd3B interactive-zVPYJd3B apply-overflow-tooltip apply-overflow-tooltip--allow-text apply-overflow-tooltip--check-children\" rel=\"nofollow noopener\" target=\"_blank\"><img decoding=\"async\" class=\"logo-PsAlMQQF xxxsmall-PsAlMQQF wrapper-TJ9ObuLF skeleton-PsAlMQQF\" crossorigin=\"\" src=\"https:\/\/s3-symbol-logo.tradingview.com\/unitedhealth.svg\" alt=\"\"\/>UNH<\/a> und Cigna <a href=\"https:\/\/de.tradingview.com\/symbols\/NYSE-CI\/\" class=\"container-ekXxv5Y5 symbolTag-cwMMKgmm tag-zVPYJd3B xsmall-zVPYJd3B interactive-zVPYJd3B apply-overflow-tooltip apply-overflow-tooltip--allow-text apply-overflow-tooltip--check-children\" rel=\"nofollow noopener\" target=\"_blank\"><img decoding=\"async\" class=\"logo-PsAlMQQF xxxsmall-PsAlMQQF wrapper-TJ9ObuLF skeleton-PsAlMQQF\" crossorigin=\"\" src=\"https:\/\/s3-symbol-logo.tradingview.com\/cigna.svg\" alt=\"\"\/>CI<\/a> reagierten nicht sofort auf Bitten um Stellungnahme. <\/p>\n","protected":false},"excerpt":{"rendered":"Es ist unwahrscheinlich, dass sich die Kosten\u00fcbernahme des COVID-19-Impfstoffs durch die Krankenkassen in diesem Herbst \u00e4ndern wird, auch&hellip;\n","protected":false},"author":2,"featured_media":22982,"comment_status":"","ping_status":"","sticky":false,"template":"","format":"standard","meta":{"footnotes":""},"categories":[137],"tags":[29,30,141,232],"class_list":{"0":"post-380483","1":"post","2":"type-post","3":"status-publish","4":"format-standard","5":"has-post-thumbnail","7":"category-gesundheit","8":"tag-deutschland","9":"tag-germany","10":"tag-gesundheit","11":"tag-health"},"share_on_mastodon":{"url":"https:\/\/pubeurope.com\/@de\/115108664192669197","error":""},"_links":{"self":[{"href":"https:\/\/www.europesays.com\/de\/wp-json\/wp\/v2\/posts\/380483","targetHints":{"allow":["GET"]}}],"collection":[{"href":"https:\/\/www.europesays.com\/de\/wp-json\/wp\/v2\/posts"}],"about":[{"href":"https:\/\/www.europesays.com\/de\/wp-json\/wp\/v2\/types\/post"}],"author":[{"embeddable":true,"href":"https:\/\/www.europesays.com\/de\/wp-json\/wp\/v2\/users\/2"}],"replies":[{"embeddable":true,"href":"https:\/\/www.europesays.com\/de\/wp-json\/wp\/v2\/comments?post=380483"}],"version-history":[{"count":0,"href":"https:\/\/www.europesays.com\/de\/wp-json\/wp\/v2\/posts\/380483\/revisions"}],"wp:featuredmedia":[{"embeddable":true,"href":"https:\/\/www.europesays.com\/de\/wp-json\/wp\/v2\/media\/22982"}],"wp:attachment":[{"href":"https:\/\/www.europesays.com\/de\/wp-json\/wp\/v2\/media?parent=380483"}],"wp:term":[{"taxonomy":"category","embeddable":true,"href":"https:\/\/www.europesays.com\/de\/wp-json\/wp\/v2\/categories?post=380483"},{"taxonomy":"post_tag","embeddable":true,"href":"https:\/\/www.europesays.com\/de\/wp-json\/wp\/v2\/tags?post=380483"}],"curies":[{"name":"wp","href":"https:\/\/api.w.org\/{rel}","templated":true}]}}