{"id":380492,"date":"2025-08-28T22:15:21","date_gmt":"2025-08-28T22:15:21","guid":{"rendered":"https:\/\/www.europesays.com\/de\/380492\/"},"modified":"2025-08-28T22:15:21","modified_gmt":"2025-08-28T22:15:21","slug":"un-sicherheitsrat-beendet-mandat-der-friedenstruppe-im-libanon","status":"publish","type":"post","link":"https:\/\/www.europesays.com\/de\/380492\/","title":{"rendered":"UN-Sicherheitsrat beendet Mandat der Friedenstruppe im Libanon"},"content":{"rendered":"<p class=\"metatextline\">Stand: 28.08.2025 19:43 Uhr<\/p>\n<p class=\"textabsatz columns twelve  m-ten  m-offset-one l-eight l-offset-two\">\n        <strong>Seit 1978 sichern 10.000 Blauhelme die Grenze zwischen Israel und dem Libanon. Nun hat der UN-Sicherheitsrat das Ende der Mission beschlossen. Die libanesische Regierung soll nun allein f\u00fcr Sicherheit sorgen.<\/strong>\n    <\/p>\n<p class=\"textabsatz m-ten m-offset-one l-eight l-offset-two columns twelve\">\nNach fast f\u00fcnf Jahrzehnten beendet der Sicherheitsrat der Vereinten Nationen das Mandat der Friedenstruppe f\u00fcr den Libanon. Die UNIFIL-Truppe soll zum Ende des Jahres 2026 aufgel\u00f6st werden, wie die Ratsmitglieder in New York einstimmig beschlossen.<\/p>\n<p class=\"textabsatz m-ten m-offset-one l-eight l-offset-two columns twelve\">\nUNIFIL wurde gegr\u00fcndet, um den Abzug der israelischen Truppen aus dem S\u00fcdlibanon nach der israelischen Invasion 1978 zu \u00fcberwachen. Der Abzug der milit\u00e4rischen und zivilen Kr\u00e4fte und ihrer Ausr\u00fcstung soll der Resolution zufolge in Absprache mit der libanesischen Regierung sofort beginnen und innerhalb etwa eines Jahres abgeschlossen sein.<\/p>\n<p>    Israel und USA dr\u00e4ngten auf Missionsende<\/p>\n<p class=\"textabsatz m-ten m-offset-one l-eight l-offset-two columns twelve\">\nZiel sei es, die libanesische Regierung zum &#8222;alleinigen Sicherheitsgaranten&#8220; im S\u00fcdlibanon n\u00f6rdlich der sogenannten Blauen Linie, einer von den Vereinten Nationen gezogenen Demarkationslinie zwischen Israel und dem Libanon, zu machen. Israel wird aufgefordert, seine Truppen n\u00f6rdlich der Demarkationslinie abzuziehen.<\/p>\n<p class=\"textabsatz m-ten m-offset-one l-eight l-offset-two columns twelve\">\nSeit 1978 sichern im Rahmen der UNIFIL-Mission rund 10.000 Blauhelme die Grenze zwischen Israel und dem Libanon. Die sonst routinem\u00e4\u00dfige Verl\u00e4ngerung des Mandats stie\u00df dieses Jahr auf Widerstand von Israel und den USA. Beide dr\u00e4ngen auf ein Ende der Mission, vor der Abstimmung im Sicherheitsrat hatte es deshalb Diskussionen \u00fcber das Enddatum der Mission gegeben.<\/p>\n<p>    Frankreich warnte vor schnellem Abzug<\/p>\n<p class=\"textabsatz m-ten m-offset-one l-eight l-offset-two columns twelve\">\nFrankreich hatte vor einem zu schnellen Abzug gewarnt, da die libanesische Armee noch nicht in der Lage sei, die Grenze allein zu sichern. Kritiker bef\u00fcrchten, die Schiitenmiliz Hisbollah k\u00f6nnte ein entstehendes Machtvakuum f\u00fcr sich ausnutzen.<\/p>\n<p class=\"textabsatz m-ten m-offset-one l-eight l-offset-two columns twelve\">\nDie libanesische Regierung steht vor der Herausforderung, bis zum Ende des Jahres alle Waffen im Staat zu monopolisieren und damit <a href=\"https:\/\/www.tagesschau.de\/ausland\/asien\/libanon-entwaffnung-hisbollah-102.html\" title=\"Libanon: Entwaffnung in pal\u00e4stinensischen Fl\u00fcchtlingslagern hat begonnen\" rel=\"nofollow noopener\" target=\"_blank\">die Hisbollah zu entwaffnen<\/a>. Diese will aber einer Entwaffnung erst zustimmen, wenn Israel seine Angriffe im Libanon einstellt und die verbleibenden Truppen aus dem S\u00fcden des Landes abzieht.<\/p>\n<p>    Hisbollah deutlich geschw\u00e4cht<\/p>\n<p class=\"textabsatz m-ten m-offset-one l-eight l-offset-two columns twelve\">\nDie Hisbollah im Libanon agierte im Land lange Zeit wie ein Staat im Staate. Sie kontrollierte unter anderem den S\u00fcden des Landes. Seit dem Krieg mit Israel im vergangenen Jahr <a href=\"https:\/\/www.tagesschau.de\/ausland\/asien\/israel-hisbollah-waffenruhe-bilanz-100.html\" title=\"Waffenruhe von Israel und Hisbollah: Ein Analyst zieht Bilanz\" rel=\"nofollow noopener\" target=\"_blank\">gilt sie als deutlich geschw\u00e4cht.<\/a> UNIFIL unterst\u00fctzt im S\u00fcden des Landes die libanesische Armee und vermittelt zwischen Konfliktparteien.<\/p>\n<p class=\"textabsatz m-ten m-offset-one l-eight l-offset-two columns twelve\">\nDas libanesische Milit\u00e4r soll im Zuge der Waffenruhevereinbarung die Kontrolle \u00fcber die Hisbollah-Gebiete \u00fcbernehmen. Es gilt allerdings als unterfinanziert und schlecht ausger\u00fcstet. An der internationalen UN-Mission sind auch rund 300 Bundeswehr-Soldaten beteiligt. Insgesamt sind Soldatinnen und Soldaten aus mehr als 40 L\u00e4ndern Teil von UNIFIL.<\/p>\n","protected":false},"excerpt":{"rendered":"Stand: 28.08.2025 19:43 Uhr Seit 1978 sichern 10.000 Blauhelme die Grenze zwischen Israel und dem Libanon. Nun hat&hellip;\n","protected":false},"author":2,"featured_media":380493,"comment_status":"","ping_status":"","sticky":false,"template":"","format":"standard","meta":{"footnotes":""},"categories":[3],"tags":[13,7296,14,15,12,10,8,9,11,26,102939,103,104],"class_list":{"0":"post-380492","1":"post","2":"type-post","3":"status-publish","4":"format-standard","5":"has-post-thumbnail","7":"category-welt","8":"tag-headlines","9":"tag-libanon","10":"tag-nachrichten","11":"tag-news","12":"tag-schlagzeilen","13":"tag-top-news","14":"tag-top-meldungen","15":"tag-topmeldungen","16":"tag-topnews","17":"tag-un","18":"tag-unifil","19":"tag-welt","20":"tag-world"},"share_on_mastodon":{"url":"https:\/\/pubeurope.com\/@de\/115108703566756441","error":""},"_links":{"self":[{"href":"https:\/\/www.europesays.com\/de\/wp-json\/wp\/v2\/posts\/380492","targetHints":{"allow":["GET"]}}],"collection":[{"href":"https:\/\/www.europesays.com\/de\/wp-json\/wp\/v2\/posts"}],"about":[{"href":"https:\/\/www.europesays.com\/de\/wp-json\/wp\/v2\/types\/post"}],"author":[{"embeddable":true,"href":"https:\/\/www.europesays.com\/de\/wp-json\/wp\/v2\/users\/2"}],"replies":[{"embeddable":true,"href":"https:\/\/www.europesays.com\/de\/wp-json\/wp\/v2\/comments?post=380492"}],"version-history":[{"count":0,"href":"https:\/\/www.europesays.com\/de\/wp-json\/wp\/v2\/posts\/380492\/revisions"}],"wp:featuredmedia":[{"embeddable":true,"href":"https:\/\/www.europesays.com\/de\/wp-json\/wp\/v2\/media\/380493"}],"wp:attachment":[{"href":"https:\/\/www.europesays.com\/de\/wp-json\/wp\/v2\/media?parent=380492"}],"wp:term":[{"taxonomy":"category","embeddable":true,"href":"https:\/\/www.europesays.com\/de\/wp-json\/wp\/v2\/categories?post=380492"},{"taxonomy":"post_tag","embeddable":true,"href":"https:\/\/www.europesays.com\/de\/wp-json\/wp\/v2\/tags?post=380492"}],"curies":[{"name":"wp","href":"https:\/\/api.w.org\/{rel}","templated":true}]}}