{"id":380506,"date":"2025-08-28T22:28:13","date_gmt":"2025-08-28T22:28:13","guid":{"rendered":"https:\/\/www.europesays.com\/de\/380506\/"},"modified":"2025-08-28T22:28:13","modified_gmt":"2025-08-28T22:28:13","slug":"cdu-stammtisch-in-hordorf-cremlingen","status":"publish","type":"post","link":"https:\/\/www.europesays.com\/de\/380506\/","title":{"rendered":"CDU-Stammtisch in Hordorf &#8211; Cremlingen"},"content":{"rendered":"<p><b>Austausch direkt nach der Wahl von Tobias Breske zum B\u00fcrgermeisterkandidaten <\/b><\/p>\n<p>\u00a0<b>Hordorf<\/b> \u2013 Im Anschluss an die Nominierungsveranstaltung des CDU-Gemeindeverbandes Cremlingen Mitte August, bei der Tobias Breske als B\u00fcrgermeisterkandidat gew\u00e4hlt wurde, fand in der Gastst\u00e4tte L\u00fcddecke in Hordorf ein offener Stammtisch der Union statt.<\/p>\n<p align=\"justify\">In geselliger Runde nutzten Mitglieder und interessierte B\u00fcrgerinnen und B\u00fcrger die Gelegenheit, mit dem frisch gew\u00e4hlten Kandidaten ins Gespr\u00e4ch zu kommen. Besonders zwei Themen pr\u00e4gten die Diskussion: die finanzielle Lage der Gemeinde und das geplante erste Windenergieprojekt, das viele B\u00fcrgerinnen und B\u00fcrger mit Sorge um die Zukunft der Gemeinde als lebenswerter Region erf\u00fcllt. <\/p>\n<p align=\"justify\">\u201eDie Finanzen der Gemeinde sind angespannt \u2013 hier m\u00fcssen wir k\u00fcnftig genau hinschauen und unsere Mittel vorrangig in die Bereiche lenken, die f\u00fcr alle B\u00fcrgerinnen und B\u00fcrger unverzichtbar sind. Schulen, Feuerwehr, Kinderbetreuung und die notwendige Infrastruktur geh\u00f6ren f\u00fcr uns an die erste Stelle. Gleichzeitig m\u00f6chte ich mit allen Fraktionen im Rat und mit der Verwaltung im Gespr\u00e4ch bleiben, um gemeinsam L\u00f6sungen zu entwickeln\u201c, betonte Breske.<\/p>\n<p align=\"justify\">Bei diesem offenen Stammtisch kam zudem die Sorge um m\u00f6gliche Auswirkungen des geplanten Windkraftprojekts zur Sprache, ebenso wie der Wunsch nach Offenheit und Transparenz bei der Besch\u00e4ftigung mit diesem Thema, und auch hier bezog Breske klar Stellung: \u201eDie CDU lehnt das Windkraftprojekt in unserer Gemeinde derzeit ab. Unsere Landschaft und unsere Lebensqualit\u00e4t d\u00fcrfen nicht durch gro\u00dffl\u00e4chige industrielle Anlagen beeintr\u00e4chtigt werden. Die Menschen in unserer Gemeinde sorgen sich um Landschaftsschutz, Mikroklima, Gesundheit, Lebensqualit\u00e4t und Naturschutz, zum Beispiel um den Lebensraum gesch\u00fctzter Arten wie Rotmilan, Fledermaus oder Greifv\u00f6gel, und diese Sorgen m\u00fcssen Geh\u00f6r finden. Wir wollen den Menschen in Cremlingen Planungssicherheit geben und werden uns gegen solche Vorhaben aussprechen. Zugleich ist mir Transparenz wichtig, also im offenen Austausch mit allen Beteiligten und Betroffenen zu bleiben, die Sorgen von B\u00fcrgerinnen und B\u00fcrgern ernst zu nehmen und gemeinsam \u00fcber verantwortbare Alternativen in der Energiepolitik zu sprechen. Welche Auswirkungen industrielle Windkraftanlagen auf den ehemals offenen Landschaftscharakter einer Region haben k\u00f6nnen, ist in unmittelbarer Nachbarschaft unserer Gemeinde zu betrachten.\u201c. <\/p>\n<p align=\"justify\">Mit diesem klaren Kurs positioniert sich die CDU als Alternative zur bisherigen Gemeindepolitik. Der Stammtisch in Hordorf markierte damit auch den Auftakt in den Wahlkampf, und so rief Breske abschlie\u00dfend zum Handeln auf: \u201eJetzt gilt es, gemeinsam mit den B\u00fcrgerinnen und B\u00fcrgern den Wechsel zu gestalten. Daf\u00fcr brauche ich die Unterst\u00fctzung jedes Einzelnen \u2013 ob als Gespr\u00e4chspartner im Ort, als Multiplikator im Umfeld oder als aktiver Mitstreiter im Wahlkampf, denn nur gemeinsam geht\u2018s.\u201c\u00a0 Foto: privat\u00a0<\/p>\n","protected":false},"excerpt":{"rendered":"Austausch direkt nach der Wahl von Tobias Breske zum B\u00fcrgermeisterkandidaten \u00a0Hordorf \u2013 Im Anschluss an die Nominierungsveranstaltung des&hellip;\n","protected":false},"author":2,"featured_media":380507,"comment_status":"","ping_status":"","sticky":false,"template":"","format":"standard","meta":{"footnotes":""},"categories":[1850],"tags":[6429,3364,29,548,663,3934,30,13,14,15,1411,12],"class_list":{"0":"post-380506","1":"post","2":"type-post","3":"status-publish","4":"format-standard","5":"has-post-thumbnail","7":"category-braunschweig","8":"tag-braunschweig","9":"tag-de","10":"tag-deutschland","11":"tag-eu","12":"tag-europa","13":"tag-europe","14":"tag-germany","15":"tag-headlines","16":"tag-nachrichten","17":"tag-news","18":"tag-niedersachsen","19":"tag-schlagzeilen"},"share_on_mastodon":{"url":"https:\/\/pubeurope.com\/@de\/115108754555703181","error":""},"_links":{"self":[{"href":"https:\/\/www.europesays.com\/de\/wp-json\/wp\/v2\/posts\/380506","targetHints":{"allow":["GET"]}}],"collection":[{"href":"https:\/\/www.europesays.com\/de\/wp-json\/wp\/v2\/posts"}],"about":[{"href":"https:\/\/www.europesays.com\/de\/wp-json\/wp\/v2\/types\/post"}],"author":[{"embeddable":true,"href":"https:\/\/www.europesays.com\/de\/wp-json\/wp\/v2\/users\/2"}],"replies":[{"embeddable":true,"href":"https:\/\/www.europesays.com\/de\/wp-json\/wp\/v2\/comments?post=380506"}],"version-history":[{"count":0,"href":"https:\/\/www.europesays.com\/de\/wp-json\/wp\/v2\/posts\/380506\/revisions"}],"wp:featuredmedia":[{"embeddable":true,"href":"https:\/\/www.europesays.com\/de\/wp-json\/wp\/v2\/media\/380507"}],"wp:attachment":[{"href":"https:\/\/www.europesays.com\/de\/wp-json\/wp\/v2\/media?parent=380506"}],"wp:term":[{"taxonomy":"category","embeddable":true,"href":"https:\/\/www.europesays.com\/de\/wp-json\/wp\/v2\/categories?post=380506"},{"taxonomy":"post_tag","embeddable":true,"href":"https:\/\/www.europesays.com\/de\/wp-json\/wp\/v2\/tags?post=380506"}],"curies":[{"name":"wp","href":"https:\/\/api.w.org\/{rel}","templated":true}]}}