{"id":380510,"date":"2025-08-28T22:30:13","date_gmt":"2025-08-28T22:30:13","guid":{"rendered":"https:\/\/www.europesays.com\/de\/380510\/"},"modified":"2025-08-28T22:30:13","modified_gmt":"2025-08-28T22:30:13","slug":"pol-ge-kontrollaktion-im-gesamten-stadtgebiet-sonderkommission-jugend-im-einsatz","status":"publish","type":"post","link":"https:\/\/www.europesays.com\/de\/380510\/","title":{"rendered":"POL-GE: Kontrollaktion im gesamten Stadtgebiet &#8211; Sonderkommission &#8222;Jugend&#8220; im Einsatz"},"content":{"rendered":"<p class=\"date\">29.08.2025 \u2013 00:15<\/p>\n<p class=\"customer\">\n                        <a class=\"story-customer\" title=\"weiter zum newsroom von Polizei Gelsenkirchen\" href=\"https:\/\/www.presseportal.de\/blaulicht\/nr\/51056\" rel=\"nofollow noopener\" target=\"_blank\">Polizei Gelsenkirchen<\/a>\n                    <\/p>\n<p><a data-category=\"citylink-story-view\" data-action=\"click\" data-label=\"Citylink in Meldungsansicht\" class=\"story-city event-trigger\" href=\"https:\/\/www.presseportal.de\/regional\/Gelsenkirchen\" title=\"News aus Gelsenkirchen \" rel=\"nofollow noopener\" target=\"_blank\">Gelsenkirchen<\/a> (ots)<\/p>\n<p>Sowohl zivile als auch uniformierte Einsatzkr\u00e4fte der Polizei Gelsenkirchen und des kommunalen Ordnungsdienstes der Stadt Gelsenkirchen waren am Donnerstag, 28. August 2025, auf den Stra\u00dfen in der gesamten Stadt zu sehen. Die Beamtinnen und Beamten f\u00fchrten verdachtsabh\u00e4ngige und verdachtsunabh\u00e4ngige Kontrollen durch, wobei besonders kriminelle Jugendliche und das Zeigen von Pr\u00e4senz im Fokus der Einsatzkr\u00e4fte standen.  Der Schwerpunkteinsatz ist einer von mehreren Bausteinen aus dem Werkzeugkasten der Sonderkommission (Soko) &#8222;Jugend&#8220;. Diese wurde im April 2024 von Polizeipr\u00e4sident Tim Frommeyer, als Reaktion auf die steigenden Fallzahlen der Kinder- und Jugendkriminalit\u00e4t, eingerichtet. Seither arbeiten die Einsatzkr\u00e4fte der Polizei Gelsenkirchen mit pr\u00e4ventiven und repressiven Ans\u00e4tzen am R\u00fcckgang der Fallzahlen und der Verbesserung des subjektiven Sicherheitsgef\u00fchls der B\u00fcrgerinnen und B\u00fcrger.<\/p>\n<p>So auch an diesem Kontrolltag im Zeitraum zwischen 15 und 22 Uhr. Insgesamt wurden 141 Kontrollen durchgef\u00fchrt. Dabei wurden Identit\u00e4ten festgestellt, Straf- und Ordnungswidrigkeitenanzeigen gefertigt sowie Pr\u00e4ventionsgespr\u00e4che und Gef\u00e4hrderansprachen durchgef\u00fchrt. Zudem wurden drei Personen erkennungsdienstlich behandelt und ein Haftbefehl vollstreckt. Dar\u00fcber hinaus haben der kommunale Ordnungsdienst und die Polizei insgesamt 17 Gegenst\u00e4nde sichergestellt. Darunter waren elektronische Zigaretten und Bet\u00e4ubungsmittel.<br \/>\nEinsatzleiter Kriminaldirektor Robert Herrmann zeigte sich zufrieden mit dem Einsatzverlauf: &#8222;Die Vielzahl der heute getroffenen Ma\u00dfnahmen unterstreicht deutlich die Notwendigkeit unseres anhaltenden Kontrolldrucks. Wir haben das polizeiliche Ziel f\u00fcr heute erreicht und werden auch in Zukunft konsequent Kinder- und Jugendkriminalit\u00e4t bek\u00e4mpfen.&#8220;<\/p>\n<p>Dieser Schwerpunkteinsatz f\u00fcgt sich in die Reihe zur\u00fcckliegender Kontrollaktionen ein. Geleitet wurde die Soko bislang von Kriminaloberrat Gerrit B\u00f6ckmann, der aufgrund eines Wechsels zum benachbarten Polizeipr\u00e4sidium Recklinghausen den Staffelstab, und damit auch die Verantwortung, an seinen Nachfolger, Kriminaloberrat Benjamin Thom, weitergibt.  &#8222;Auf der bisherigen, guten Arbeit der Soko &#8218;Jugend&#8216; werden wir auch weiterhin aufbauen. Dabei wer-den wir nicht nachlassen zu versuchen delinquenten Kindern und Jugendlichen einen Weg aus der Strafbarkeit aufzuzeigen und gemeinsam mit unseren Kooperationspartnern die Sicherheit in dieser Stadt zu erh\u00f6hen&#8220;, betonte der Kriminaloberrat.<\/p>\n<p>Zum Konzept der Soko &#8222;Jugend&#8220; geh\u00f6ren wiederkehrende Schwerpunktkontrollen, die auch in Zukunft immer wieder durch Einsatzkr\u00e4fte der Polizei Gelsenkirchen durchgef\u00fchrt werden. Unterst\u00fctzt wird die Polizei dabei fortlaufend von der Stadt Gelsenkirchen. Unter anderem waren auch Einsatzkr\u00e4fte des Kommunalen Ordnungsdienstes an diesem Tag im Stadtgebiet unterwegs, um Ma\u00dfnahmen durchzuf\u00fchren.<\/p>\n<p class=\"contact-headline\">Nachfragen f\u00fcr Journalistinnen und Journalisten:<\/p>\n<p class=\"contact-text\">Polizei Gelsenkirchen<br \/>Leitungsstab\/Pressestelle<br \/>Polizeioberkommissar Florian M\u00fchlenbrock<br \/>Telefon: +49 209 365 2012<br \/>E-Mail: <a href=\"https:\/\/www.presseportal.de\/blaulicht\/pm\/51056\/mailto: poststelle.gelsenkirchen@polizei.nrw.de\" class=\"uri-mailto\" rel=\"nofollow noopener\" target=\"_blank\"> poststelle.gelsenkirchen@polizei.nrw.de<\/a><br \/><a target=\"_blank\" class=\"uri-ext outbound\" rel=\"noopener nofollow\" href=\"https:\/\/gelsenkirchen.polizei.nrw\/\">https:\/\/gelsenkirchen.polizei.nrw\/<\/a><\/p>\n<p class=\"originator\">Original-Content von: Polizei Gelsenkirchen, \u00fcbermittelt durch news aktuell<\/p>\n","protected":false},"excerpt":{"rendered":"29.08.2025 \u2013 00:15 Polizei Gelsenkirchen Gelsenkirchen (ots) Sowohl zivile als auch uniformierte Einsatzkr\u00e4fte der Polizei Gelsenkirchen und des&hellip;\n","protected":false},"author":2,"featured_media":380428,"comment_status":"","ping_status":"","sticky":false,"template":"","format":"standard","meta":{"footnotes":""},"categories":[1848],"tags":[3364,29,548,663,3934,3658,30,13,177,14,15,1209,176,121,178,180,179,181,12],"class_list":{"0":"post-380510","1":"post","2":"type-post","3":"status-publish","4":"format-standard","5":"has-post-thumbnail","7":"category-gelsenkirchen","8":"tag-de","9":"tag-deutschland","10":"tag-eu","11":"tag-europa","12":"tag-europe","13":"tag-gelsenkirchen","14":"tag-germany","15":"tag-headlines","16":"tag-kriminalitt","17":"tag-nachrichten","18":"tag-news","19":"tag-nordrhein-westfalen","20":"tag-nrw","21":"tag-polizei","22":"tag-presse","23":"tag-pressemeldung","24":"tag-pressemitteilung","25":"tag-pressemitteilungen","26":"tag-schlagzeilen"},"share_on_mastodon":{"url":"https:\/\/pubeurope.com\/@de\/115108762283531001","error":""},"_links":{"self":[{"href":"https:\/\/www.europesays.com\/de\/wp-json\/wp\/v2\/posts\/380510","targetHints":{"allow":["GET"]}}],"collection":[{"href":"https:\/\/www.europesays.com\/de\/wp-json\/wp\/v2\/posts"}],"about":[{"href":"https:\/\/www.europesays.com\/de\/wp-json\/wp\/v2\/types\/post"}],"author":[{"embeddable":true,"href":"https:\/\/www.europesays.com\/de\/wp-json\/wp\/v2\/users\/2"}],"replies":[{"embeddable":true,"href":"https:\/\/www.europesays.com\/de\/wp-json\/wp\/v2\/comments?post=380510"}],"version-history":[{"count":0,"href":"https:\/\/www.europesays.com\/de\/wp-json\/wp\/v2\/posts\/380510\/revisions"}],"wp:featuredmedia":[{"embeddable":true,"href":"https:\/\/www.europesays.com\/de\/wp-json\/wp\/v2\/media\/380428"}],"wp:attachment":[{"href":"https:\/\/www.europesays.com\/de\/wp-json\/wp\/v2\/media?parent=380510"}],"wp:term":[{"taxonomy":"category","embeddable":true,"href":"https:\/\/www.europesays.com\/de\/wp-json\/wp\/v2\/categories?post=380510"},{"taxonomy":"post_tag","embeddable":true,"href":"https:\/\/www.europesays.com\/de\/wp-json\/wp\/v2\/tags?post=380510"}],"curies":[{"name":"wp","href":"https:\/\/api.w.org\/{rel}","templated":true}]}}