{"id":380519,"date":"2025-08-28T22:36:17","date_gmt":"2025-08-28T22:36:17","guid":{"rendered":"https:\/\/www.europesays.com\/de\/380519\/"},"modified":"2025-08-28T22:36:17","modified_gmt":"2025-08-28T22:36:17","slug":"tischtennis-bundesliga-post-muehlhausen-feiert-auftaktsieg-gegen-gruenwettersbach","status":"publish","type":"post","link":"https:\/\/www.europesays.com\/de\/380519\/","title":{"rendered":"Tischtennis | Bundesliga: Post M\u00fchlhausen feiert Auftaktsieg gegen Gr\u00fcnwettersbach"},"content":{"rendered":"<p class=\"metatextline\">Stand: 28.08.2025 19:38 Uhr<\/p>\n<p class=\"textabsatz columns twelve  m-ten  m-offset-one l-eight l-offset-two\">\n        <strong>Endlich mal wieder ein Heimspielauftakt in der Tischtennis-Bundesliga: Post M\u00fchlhausen sichert sich im eigenen Hexenkessel die ersten beiden Punkte. Mann des Tages bei den Th\u00fcringern war einer Routnier.<\/strong>\n    <\/p>\n<p class=\"textabsatz m-ten m-offset-one l-eight l-offset-two columns twelve\">\nPost SV M\u00fchlhausen hat in der Tischtennis-Bundesliga einen Auftakt nach Ma\u00df gefeiert. Das Team von Trainer Erik Schreyer setzte sich vor knapp 400 Zuschauern gegen Gr\u00fcnwettersbach mit 3:1 durch. &#8222;Das war ein Auftakt nach Ma\u00df, der Hexenkessel hat gebrodelt. Wir waren alle angespannt, die Vorfreude war riesengro\u00df. Das Gesicht der Mannschaft hat sich ge\u00e4ndert, keiner wusste, wo wir stehen. Wir hatten seit 5-6 Jahren endlich mit einem Heimspiel starten d\u00fcrfen. Wir m\u00fcssen jetzt wieder zu einer Festung in M\u00fchlhausen werden.&#8220;<\/p>\n<p>    Steffen Mengel: &#8222;Bin im f\u00fcnften Satz ruhig geblieben&#8220;<\/p>\n<p class=\"textabsatz m-ten m-offset-one l-eight l-offset-two columns twelve\">\nMann des Tages war Routinier Steffen Mengel, der seine beiden Einzel gewann. Nach dem nervenaufreibenden Match gegen Hiroto Shinozuka, das Mengel mit 3:2 f\u00fcr sich entschied, war die Erleichterung gro\u00df. &#8222;Das war wichtig f\u00fcr die Mannschaft. Ich hatte schon viele Matchb\u00e4lle im vierten Satz. Im f\u00fcnften bin ich dann ruhig geblieben. Ich bin froh, dass ich es geschafft habe. Ich lag 1:2 hinten, habe dann zehn Punkte in Folge geholt. Solche Geschichten schreibt nur der Sport.&#8220; Neuzugang Kay Stumper hatte zuvor sein Einzel gegen den Japaner mit 1:3 verloren. Das zwischenzeitliche 2:1 f\u00fcr Post machte Marcos Freitas, der gegen Ricardo Walther\u00a0einen 3:1-Sieg feierte.<\/p>\n<p>    Champions League am Wochenende<\/p>\n<p class=\"textabsatz m-ten m-offset-one l-eight l-offset-two columns twelve\">\nAm Wochenende geht es gleich weiter f\u00fcr die Tischtennis-Spieler aus M\u00fchlhausen. Dann stehen die Partien gegen UKS Dojlidy Bialystok (Polen)) am Freitag, gegen STK Vyhne (Slowakei) am Samstag und gegen Lille Metropole TT auf dem Programm. Gespielt wird in Novi Sad.<\/p>\n<p class=\"textabsatz m-ten m-offset-one l-eight l-offset-two columns twelve\">SpiO<\/p>\n<p>                                        <a class=\"backlink__link\" href=\"https:\/\/www.mdr.de\/sport\/sportarten\/tischtennis\/post-muehlhausen-feiert-auftaktsieg-100.html\" rel=\"nofollow noopener\" target=\"_blank\"><\/p>\n<p>                                                <img decoding=\"async\" src=\"https:\/\/images.sportschau.de\/image\/3b6f5760-8e5b-474f-ab60-9f42d5eba8e2\/AAABlap_eyE\/AAABmKJi16M\/original\/lra-mdr-logo-100.svg\" alt=\"Mitteldeutscher Rundfunk\"\/><\/p>\n<p>                                        <\/a><\/p>\n","protected":false},"excerpt":{"rendered":"Stand: 28.08.2025 19:38 Uhr Endlich mal wieder ein Heimspielauftakt in der Tischtennis-Bundesliga: Post M\u00fchlhausen sichert sich im eigenen&hellip;\n","protected":false},"author":2,"featured_media":380520,"comment_status":"","ping_status":"","sticky":false,"template":"","format":"standard","meta":{"footnotes":""},"categories":[1844],"tags":[1634,299,3364,29,30,8903,81,265,11372],"class_list":{"0":"post-380519","1":"post","2":"type-post","3":"status-publish","4":"format-standard","5":"has-post-thumbnail","7":"category-karlsruhe","8":"tag-baden-wuerttemberg","9":"tag-bundesliga","10":"tag-de","11":"tag-deutschland","12":"tag-germany","13":"tag-karlsruhe","14":"tag-mdr","15":"tag-sport","16":"tag-tischtennis"},"share_on_mastodon":{"url":"https:\/\/pubeurope.com\/@de\/115108785889165643","error":""},"_links":{"self":[{"href":"https:\/\/www.europesays.com\/de\/wp-json\/wp\/v2\/posts\/380519","targetHints":{"allow":["GET"]}}],"collection":[{"href":"https:\/\/www.europesays.com\/de\/wp-json\/wp\/v2\/posts"}],"about":[{"href":"https:\/\/www.europesays.com\/de\/wp-json\/wp\/v2\/types\/post"}],"author":[{"embeddable":true,"href":"https:\/\/www.europesays.com\/de\/wp-json\/wp\/v2\/users\/2"}],"replies":[{"embeddable":true,"href":"https:\/\/www.europesays.com\/de\/wp-json\/wp\/v2\/comments?post=380519"}],"version-history":[{"count":0,"href":"https:\/\/www.europesays.com\/de\/wp-json\/wp\/v2\/posts\/380519\/revisions"}],"wp:featuredmedia":[{"embeddable":true,"href":"https:\/\/www.europesays.com\/de\/wp-json\/wp\/v2\/media\/380520"}],"wp:attachment":[{"href":"https:\/\/www.europesays.com\/de\/wp-json\/wp\/v2\/media?parent=380519"}],"wp:term":[{"taxonomy":"category","embeddable":true,"href":"https:\/\/www.europesays.com\/de\/wp-json\/wp\/v2\/categories?post=380519"},{"taxonomy":"post_tag","embeddable":true,"href":"https:\/\/www.europesays.com\/de\/wp-json\/wp\/v2\/tags?post=380519"}],"curies":[{"name":"wp","href":"https:\/\/api.w.org\/{rel}","templated":true}]}}