{"id":380521,"date":"2025-08-28T22:43:23","date_gmt":"2025-08-28T22:43:23","guid":{"rendered":"https:\/\/www.europesays.com\/de\/380521\/"},"modified":"2025-08-28T22:43:23","modified_gmt":"2025-08-28T22:43:23","slug":"bochum-plagen-verletzungssorgen-vor-duell-mit-muenster-nrw","status":"publish","type":"post","link":"https:\/\/www.europesays.com\/de\/380521\/","title":{"rendered":"Bochum plagen Verletzungssorgen vor Duell mit M\u00fcnster | NRW"},"content":{"rendered":"<p>Der VfL Bochum muss im NRW-Duell gegen M\u00fcnster auf mehrere Spieler verzichten. Die Ausfallliste beim Zweitligisten ist lang.<\/p>\n<p id=\"absatz1\" class=\"em_text\">Zweitligist VfL Bochum geht mit erheblichen Personalsorgen in das NRW-Duell gegen Preu\u00dfen M\u00fcnster. \u00abDie Liste ist lang. Es ist wirklich gerade ein Engpass da\u00bb, sagte Trainer Dieter Hecking vor der Partie am Samstag (13.00 Uhr\/Sky).<\/p>\n<p id=\"absatz2\" class=\"em_text\">Neben Philipp Strompf, der sich im Derby beim FC Schalke 04 eine Muskelverletzung zuzog, f\u00e4llt zus\u00e4tzlich zu mehreren Langzeitverletzten, darunter Moritz-Broni Kwarteng (Innenbandverletzung) und Ibrahima Sissoko (Schultereckgelenksprengung), auch Mats Pannewig wegen eines Infekts aus.<\/p>\n<p>Hecking: \u00abAnspruch ist Spiel zu gewinnen\u00bb<\/p>\n<p id=\"absatz4\" class=\"em_text\">Fragezeichen gibt es au\u00dferdem bei zwei weiteren Spielern. \u00abBei Matus Bero habe ich Hoffnung, auch wenn die Prellung sehr schmerzt. Ob Kevin Vogt spielen kann, da m\u00fcssen wir auch noch das morgige Abschlusstraining abwarten\u00bb, sagte der Trainer<\/p>\n<p>&#8222;&gt;\n<\/p>\n<p class=\"head\">Empfohlener redaktioneller Inhalt<\/p>\n<p class=\"privacy-main-info-text\">Wir bieten an dieser Stelle weitere externe Informationen zu dem Artikel an. Mit einem Klick k\u00f6nnen Sie sich diese anzeigen lassen und auch wieder ausblenden.<\/p>\n<p class=\"privacy-info\">Wenn Sie sich externe Inhalte anzeigen lassen, erkl\u00e4ren Sie sich damit einverstanden, dass m\u00f6glicherweise personenbezogene Daten an Drittplattformen \u00fcbermittelt werden.<br \/><a target=\"_blank\" href=\"https:\/\/www.mt.de\/datenschutz\" rel=\"noopener\"> Weitere Hinweise dazu finden Sie in unserer Datenschutzerkl\u00e4rung.<\/a><\/p>\n<p id=\"absatz6\" class=\"em_text\">Trotz der angespannten Personallage will Hecking die Zielsetzung nicht senken: \u00abDas ist Zweitliga-Alltag, wir werden es mit den Leuten spielen, die fit sind. Unser Anspruch ist trotzdem, das Spiel zu gewinnen. Das ist auch eine Chance f\u00fcr diejenigen, die nicht so im Rampenlicht standen zuletzt.\u00bb Auf dem Platz werde es viele junge Gesichter geben.<\/p>\n<p> <\/p>\n","protected":false},"excerpt":{"rendered":"Der VfL Bochum muss im NRW-Duell gegen M\u00fcnster auf mehrere Spieler verzichten. Die Ausfallliste beim Zweitligisten ist lang.&hellip;\n","protected":false},"author":2,"featured_media":380522,"comment_status":"","ping_status":"","sticky":false,"template":"","format":"standard","meta":{"footnotes":""},"categories":[1843],"tags":[102763,7507,3364,29,16846,3158,8401,30,8405,8970,1209,15350,54393,8399,28962,8173],"class_list":{"0":"post-380521","1":"post","2":"type-post","3":"status-publish","4":"format-standard","5":"has-post-thumbnail","7":"category-muenster","8":"tag-ausfallliste","9":"tag-bochum","10":"tag-de","11":"tag-deutschland","12":"tag-dieter-hecking","13":"tag-fc-schalke-04","14":"tag-fuball-bundesliga","15":"tag-germany","16":"tag-mnster","17":"tag-muenster","18":"tag-nordrhein-westfalen","19":"tag-personalsorge","20":"tag-philipp-strompf","21":"tag-preuen-mnster","22":"tag-verletzungssorge","23":"tag-vfl-bochum"},"share_on_mastodon":{"url":"https:\/\/pubeurope.com\/@de\/115108813423603596","error":""},"_links":{"self":[{"href":"https:\/\/www.europesays.com\/de\/wp-json\/wp\/v2\/posts\/380521","targetHints":{"allow":["GET"]}}],"collection":[{"href":"https:\/\/www.europesays.com\/de\/wp-json\/wp\/v2\/posts"}],"about":[{"href":"https:\/\/www.europesays.com\/de\/wp-json\/wp\/v2\/types\/post"}],"author":[{"embeddable":true,"href":"https:\/\/www.europesays.com\/de\/wp-json\/wp\/v2\/users\/2"}],"replies":[{"embeddable":true,"href":"https:\/\/www.europesays.com\/de\/wp-json\/wp\/v2\/comments?post=380521"}],"version-history":[{"count":0,"href":"https:\/\/www.europesays.com\/de\/wp-json\/wp\/v2\/posts\/380521\/revisions"}],"wp:featuredmedia":[{"embeddable":true,"href":"https:\/\/www.europesays.com\/de\/wp-json\/wp\/v2\/media\/380522"}],"wp:attachment":[{"href":"https:\/\/www.europesays.com\/de\/wp-json\/wp\/v2\/media?parent=380521"}],"wp:term":[{"taxonomy":"category","embeddable":true,"href":"https:\/\/www.europesays.com\/de\/wp-json\/wp\/v2\/categories?post=380521"},{"taxonomy":"post_tag","embeddable":true,"href":"https:\/\/www.europesays.com\/de\/wp-json\/wp\/v2\/tags?post=380521"}],"curies":[{"name":"wp","href":"https:\/\/api.w.org\/{rel}","templated":true}]}}