{"id":380523,"date":"2025-08-28T22:44:56","date_gmt":"2025-08-28T22:44:56","guid":{"rendered":"https:\/\/www.europesays.com\/de\/380523\/"},"modified":"2025-08-28T22:44:56","modified_gmt":"2025-08-28T22:44:56","slug":"mohns-park-guetersloh-brueckensanierung-startet","status":"publish","type":"post","link":"https:\/\/www.europesays.com\/de\/380523\/","title":{"rendered":"Mohns Park G\u00fctersloh: Br\u00fcckensanierung startet"},"content":{"rendered":"<p>Ab Montag wird im Mohns Park in G\u00fctersloh eine in die Jahre gekommene Br\u00fccke saniert. Daf\u00fcr sperrt die Stadt G\u00fctersloh den Teich\u00fcbergang und \u00e4ndert einige Wegf\u00fchrungen.<\/p>\n<p>Umfassende Br\u00fcckensanierung im Mohns Park<\/p>\n<p>Nach 25 Jahren werden die Holzbohlen, die Unterkonstruktion und das Gel\u00e4nder der Br\u00fccke ausgetauscht. Insgesamt plant die Stadt G\u00fctersloh die Fertigstellung der Sanierungsarbeiten nach zwei Wochen.<\/p>\n<p>Umweltma\u00dfnahmen zur Teicherhaltung<\/p>\n<p>Gleichzeitig werden auch die Uferbereiche stabilisiert und Schlammentnahmen in Teilbereichen des Teiches durchgef\u00fchrt. Dadurch wird verhindert, dass der Teich allm\u00e4hlich zu Land wird.<\/p>\n<p>Appell an Verst\u00e4ndnis der Besucher<\/p>\n<p>Die Stadt G\u00fctersloh bittet die Spazierg\u00e4nger um Verst\u00e4ndnis f\u00fcr vor\u00fcbergehende Einschr\u00e4nkungen bei den Besuchen im Park.<\/p>\n","protected":false},"excerpt":{"rendered":"Ab Montag wird im Mohns Park in G\u00fctersloh eine in die Jahre gekommene Br\u00fccke saniert. Daf\u00fcr sperrt die&hellip;\n","protected":false},"author":2,"featured_media":380524,"comment_status":"","ping_status":"","sticky":false,"template":"","format":"standard","meta":{"footnotes":""},"categories":[1841],"tags":[1605,44348,3364,29,30,23744,5544,102945,1209,8926],"class_list":{"0":"post-380523","1":"post","2":"type-post","3":"status-publish","4":"format-standard","5":"has-post-thumbnail","7":"category-bielefeld","8":"tag-bielefeld","9":"tag-brueckensanierung","10":"tag-de","11":"tag-deutschland","12":"tag-germany","13":"tag-guetersloh","14":"tag-infrastruktur","15":"tag-mohns-park","16":"tag-nordrhein-westfalen","17":"tag-stadtentwicklung"},"share_on_mastodon":{"url":"https:\/\/pubeurope.com\/@de\/115108821227752729","error":""},"_links":{"self":[{"href":"https:\/\/www.europesays.com\/de\/wp-json\/wp\/v2\/posts\/380523","targetHints":{"allow":["GET"]}}],"collection":[{"href":"https:\/\/www.europesays.com\/de\/wp-json\/wp\/v2\/posts"}],"about":[{"href":"https:\/\/www.europesays.com\/de\/wp-json\/wp\/v2\/types\/post"}],"author":[{"embeddable":true,"href":"https:\/\/www.europesays.com\/de\/wp-json\/wp\/v2\/users\/2"}],"replies":[{"embeddable":true,"href":"https:\/\/www.europesays.com\/de\/wp-json\/wp\/v2\/comments?post=380523"}],"version-history":[{"count":0,"href":"https:\/\/www.europesays.com\/de\/wp-json\/wp\/v2\/posts\/380523\/revisions"}],"wp:featuredmedia":[{"embeddable":true,"href":"https:\/\/www.europesays.com\/de\/wp-json\/wp\/v2\/media\/380524"}],"wp:attachment":[{"href":"https:\/\/www.europesays.com\/de\/wp-json\/wp\/v2\/media?parent=380523"}],"wp:term":[{"taxonomy":"category","embeddable":true,"href":"https:\/\/www.europesays.com\/de\/wp-json\/wp\/v2\/categories?post=380523"},{"taxonomy":"post_tag","embeddable":true,"href":"https:\/\/www.europesays.com\/de\/wp-json\/wp\/v2\/tags?post=380523"}],"curies":[{"name":"wp","href":"https:\/\/api.w.org\/{rel}","templated":true}]}}