{"id":380527,"date":"2025-08-28T22:46:26","date_gmt":"2025-08-28T22:46:26","guid":{"rendered":"https:\/\/www.europesays.com\/de\/380527\/"},"modified":"2025-08-28T22:46:26","modified_gmt":"2025-08-28T22:46:26","slug":"wuppertaler-buergerbudget-geht-mit-wahlparty-in-die-finale-phase","status":"publish","type":"post","link":"https:\/\/www.europesays.com\/de\/380527\/","title":{"rendered":"Wuppertaler B\u00fcrgerbudget geht mit Wahlparty in die finale Phase"},"content":{"rendered":"<p class=\"text_ohne_einzug richtext text-em-55 !leading-serif mx-6 desktop:mx-0\">Aufmerksam von Getr\u00e4nken bis Geb\u00e4rdendolmetscher, transparent und geordnet im Aufbau: So kommen die Veranstaltungen zum B\u00fcrgerbudget daher, nicht zuletzt will man ja f\u00fcr die Demokratie werben. So nun auch bei der Wahlparty im Codeks, dem Arrenberger Coworking Space in den alten Elba-Hallen. Der Name dieses Termins im Abstimmungsprozess war nur eine der Analogien zu politischen Wahlen \u2013 wobei Schlammschlachten unter Gegnern hier zum Gl\u00fcck fehlten.<\/p>\n","protected":false},"excerpt":{"rendered":"Aufmerksam von Getr\u00e4nken bis Geb\u00e4rdendolmetscher, transparent und geordnet im Aufbau: So kommen die Veranstaltungen zum B\u00fcrgerbudget daher, nicht&hellip;\n","protected":false},"author":2,"featured_media":380528,"comment_status":"","ping_status":"","sticky":false,"template":"","format":"standard","meta":{"footnotes":""},"categories":[1840],"tags":[59886,18062,12612,26555,102947,3364,146,29,2665,30,102951,22838,102953,1209,102950,102949,102952,53333,102948,2534,35383,85548,102946,35379,4418],"class_list":{"0":"post-380527","1":"post","2":"type-post","3":"status-publish","4":"format-standard","5":"has-post-thumbnail","7":"category-wuppertal","8":"tag-abgabe","9":"tag-budget","10":"tag-buerger","11":"tag-buergerbudget","12":"tag-codeks","13":"tag-de","14":"tag-demokratie","15":"tag-deutschland","16":"tag-finale","17":"tag-germany","18":"tag-grobauswahl","19":"tag-ideen","20":"tag-ideengeberin","21":"tag-nordrhein-westfalen","22":"tag-schmackhaft","23":"tag-stimmabgabe","24":"tag-teilwahl","25":"tag-vergeben","26":"tag-voten","27":"tag-wahl","28":"tag-waehler","29":"tag-wahllokale","30":"tag-wahlparty","31":"tag-wahlwerbung","32":"tag-wuppertal"},"share_on_mastodon":{"url":"https:\/\/pubeurope.com\/@de\/115108825353688446","error":""},"_links":{"self":[{"href":"https:\/\/www.europesays.com\/de\/wp-json\/wp\/v2\/posts\/380527","targetHints":{"allow":["GET"]}}],"collection":[{"href":"https:\/\/www.europesays.com\/de\/wp-json\/wp\/v2\/posts"}],"about":[{"href":"https:\/\/www.europesays.com\/de\/wp-json\/wp\/v2\/types\/post"}],"author":[{"embeddable":true,"href":"https:\/\/www.europesays.com\/de\/wp-json\/wp\/v2\/users\/2"}],"replies":[{"embeddable":true,"href":"https:\/\/www.europesays.com\/de\/wp-json\/wp\/v2\/comments?post=380527"}],"version-history":[{"count":0,"href":"https:\/\/www.europesays.com\/de\/wp-json\/wp\/v2\/posts\/380527\/revisions"}],"wp:featuredmedia":[{"embeddable":true,"href":"https:\/\/www.europesays.com\/de\/wp-json\/wp\/v2\/media\/380528"}],"wp:attachment":[{"href":"https:\/\/www.europesays.com\/de\/wp-json\/wp\/v2\/media?parent=380527"}],"wp:term":[{"taxonomy":"category","embeddable":true,"href":"https:\/\/www.europesays.com\/de\/wp-json\/wp\/v2\/categories?post=380527"},{"taxonomy":"post_tag","embeddable":true,"href":"https:\/\/www.europesays.com\/de\/wp-json\/wp\/v2\/tags?post=380527"}],"curies":[{"name":"wp","href":"https:\/\/api.w.org\/{rel}","templated":true}]}}