{"id":380534,"date":"2025-08-28T22:49:12","date_gmt":"2025-08-28T22:49:12","guid":{"rendered":"https:\/\/www.europesays.com\/de\/380534\/"},"modified":"2025-08-28T22:49:12","modified_gmt":"2025-08-28T22:49:12","slug":"bombenfund-in-bochum-weitmar-radio-bochum","status":"publish","type":"post","link":"https:\/\/www.europesays.com\/de\/380534\/","title":{"rendered":"Bombenfund in Bochum-Weitmar &#8211; Radio Bochum"},"content":{"rendered":"<p>Bereich rund um Gr\u00fcnewaldstra\u00dfe\/Hattinger Stra\u00dfe<\/p>\n<p>Am Donnerstag (28.8.) musste in Bochum-Weitmar der Bereich rund um die Gr\u00fcnewaldstra\u00dfe\/Hattinger Stra\u00dfe wegen einer 250-Kilogramm-Weltkriegsbombe mit Aufschlagz\u00fcnder evakuiert werden. Rund 1.500 Menschen im Umkreis von 250 Metern mussten ihre Wohnungen und H\u00e4user verlassen. Die Stadt hat in der Graf-Engelbert-Schule eine Betreuungsstelle eingerichtet gehabt, die rund 40 B\u00fcrgerinnen und B\u00fcrger aufgesucht haben. Gegen 19 Uhr war die Bombe entsch\u00e4rft.<\/p>\n<p>Rund 180 Kr\u00e4fte des Arbeiter-Samariter-Bunds Bochum, des Deutschen Roten Kreuzes, der Johanniter, der Malteser, des Technischen Hilfswerks, der Polizei, der BOGESTRA, des Kampfmittelr\u00e4umdienstes, der freiwilligen Feuerwehr und der Stadt Bochum, sowie zwei Notfallseelsorgerinnen und Seelsorger waren im Einsatz.  <\/p>\n<p><a href=\"https:\/\/www.radiobochum.de\/externalimages\/?source=jpg789\/polygon.jpg&amp;dt=202508281950020&amp;resize=1025x1280\" data-caption=\"Rund 1.538 Anwohnerinnen und Anwohner mussten in einem Sicherheitsabstand von 250 Metern um die Bombe ihre H\u00e4user und Wohnungen verlassen. \" itemprop=\"contentUrl\" data-size=\"1025x1280\" rel=\"nofollow noopener\" target=\"_blank\"><img decoding=\"async\" alt=\"\" src=\"https:\/\/www.europesays.com\/de\/wp-content\/uploads\/2025\/08\/polygon.jpg&#038;crop=0x633x2028x1268&#038;resize=1280x800&#038;dt=202508281950020.jpeg\" data-size=\"1280x800\"\/><\/a>Rund 1.538 Anwohnerinnen und Anwohner mussten in einem Sicherheitsabstand von 250 Metern um die Bombe ihre H\u00e4user und Wohnungen verlassen. \u00a9 Stadt Bochum<\/p>\n<p>Rund 1.538 Anwohnerinnen und Anwohner mussten in einem Sicherheitsabstand von 250 Metern um die Bombe ihre H\u00e4user und Wohnungen verlassen. <\/p>\n<p>\u00a9 Stadt BochumLIVE-Ticker zum Nachlesen: Bombenfund in Bochum-Weitmar<\/p>\n<p><strong>19:15 Uhr:<\/strong> Damit beenden wir unseren Live-Ticker. Danke f\u00fcr euer Interesse und einen sch\u00f6nen Abend! <\/p>\n<p><strong>19:00 Uhr:<\/strong> Die Bombe ist entsch\u00e4rft. Das hat die Stadt gerade mitgeteilt. Die Sperrungen werden aufgehoben und alle Anwohnerinnen und Anwohner k\u00f6nnen zur\u00fcck in ihre Wohnungen und H\u00e4user. Die Stadt dankt den rund 180 Einsatzkr\u00e4ften f\u00fcr ihren Einsatz und den Anwohnerinnen und Anwohnern f\u00fcr ihre Kooperation.<\/p>\n<p><strong>18:10 Uhr:<\/strong> Die Stadt hat gerade mitgeteilt, dass sowohl alle R\u00e4umungsgruppen, als auch die Drohnenstaffel ihre Kontrollrunde beendet haben. Die Entsch\u00e4rfung soll jetzt zeitnah losgehen.<\/p>\n<p><strong>15:50 Uhr:<\/strong> Laut einem Polizeisprecher wird das Gebiet ab 16 Uhr abgesperrt. Die Polizei weist au\u00dferdem darauf hin, dass es sich um eine britische Bombe handelt. Deshalb muss der Z\u00fcnder ausgebaut und vor Ort gesprengt werden, weil er nicht transportiert werden kann. Es wird einen Knall geben &#8211; es besteht aber keine Gefahr!<\/p>\n<p><strong>15:37 Uhr:<\/strong> Der Starkregen ist vorbei. Die Evakuierung ist gestartet.<\/p>\n<p><strong>14:43 Uhr:<\/strong> Wegen des Unwetters verschiebt sich die Evakuierung auf 15:30 Uhr. Die Betreuungsstelle im Graf-Engelbert-Gymnasium an der K\u00f6nigsallee ist bereits ge\u00f6ffnet. Dort k\u00fcmmert sich der ASB um Anwohner*innen, die ihre Wohnungen verlassen m\u00fcssen.<\/p>\n<p><strong>13:40 Uhr:<\/strong> Auch die Stra\u00dfenbahnlinien 308\/318 und die Buslinie 355 sind von der Evakuierung betroffen. Ab 14:00 Uhr f\u00e4hrt die 308\/318 ohne Halt an der Haltestelle &#8222;Friederikastra\u00dfe&#8220;. Sobald die Entsch\u00e4rfung beginnt, fahren die Bahnen aus Dahlhausen bzw. Hattingen kommend nur bis zur Haltestelle &#8222;Blankensteiner Stra\u00dfe&#8220; &#8211; aus Gerthe kommend fahren die Bahnen dann nur bis &#8222;Bergmannsheil&#8220;. Die Busse der 355 werden ab 14:00 Uhr umgeleitet und halten nicht an den Haltestellen &#8222;An der Landwehr&#8220;, &#8222;Idunaweg&#8220; und &#8222;Friederikastra\u00dfe&#8220;.<\/p>\n<p><strong>13:00 Uhr:<\/strong> \u00dcber die NINA-Warn-App wurde gerade der Bombenfund best\u00e4tigt. Ab 15 Uhr soll das Gebiet rund um die Gr\u00fcnewaldstra\u00dfe\/Hattinger Stra\u00dfe evakuiert werden. Wir halten euch hier und im Programm auf dem Laufenden!<\/p>\n","protected":false},"excerpt":{"rendered":"Bereich rund um Gr\u00fcnewaldstra\u00dfe\/Hattinger Stra\u00dfe Am Donnerstag (28.8.) musste in Bochum-Weitmar der Bereich rund um die Gr\u00fcnewaldstra\u00dfe\/Hattinger Stra\u00dfe&hellip;\n","protected":false},"author":2,"featured_media":380535,"comment_status":"","ping_status":"","sticky":false,"template":"","format":"standard","meta":{"footnotes":""},"categories":[1839],"tags":[9508,99895,7507,3364,29,30,37335,1209],"class_list":{"0":"post-380534","1":"post","2":"type-post","3":"status-publish","4":"format-standard","5":"has-post-thumbnail","7":"category-bochum","8":"tag-blindgnger","9":"tag-weitmar","10":"tag-bochum","11":"tag-de","12":"tag-deutschland","13":"tag-germany","14":"tag-kampfmittelverdachtspunkt","15":"tag-nordrhein-westfalen"},"share_on_mastodon":{"url":"https:\/\/pubeurope.com\/@de\/115108837092225853","error":""},"_links":{"self":[{"href":"https:\/\/www.europesays.com\/de\/wp-json\/wp\/v2\/posts\/380534","targetHints":{"allow":["GET"]}}],"collection":[{"href":"https:\/\/www.europesays.com\/de\/wp-json\/wp\/v2\/posts"}],"about":[{"href":"https:\/\/www.europesays.com\/de\/wp-json\/wp\/v2\/types\/post"}],"author":[{"embeddable":true,"href":"https:\/\/www.europesays.com\/de\/wp-json\/wp\/v2\/users\/2"}],"replies":[{"embeddable":true,"href":"https:\/\/www.europesays.com\/de\/wp-json\/wp\/v2\/comments?post=380534"}],"version-history":[{"count":0,"href":"https:\/\/www.europesays.com\/de\/wp-json\/wp\/v2\/posts\/380534\/revisions"}],"wp:featuredmedia":[{"embeddable":true,"href":"https:\/\/www.europesays.com\/de\/wp-json\/wp\/v2\/media\/380535"}],"wp:attachment":[{"href":"https:\/\/www.europesays.com\/de\/wp-json\/wp\/v2\/media?parent=380534"}],"wp:term":[{"taxonomy":"category","embeddable":true,"href":"https:\/\/www.europesays.com\/de\/wp-json\/wp\/v2\/categories?post=380534"},{"taxonomy":"post_tag","embeddable":true,"href":"https:\/\/www.europesays.com\/de\/wp-json\/wp\/v2\/tags?post=380534"}],"curies":[{"name":"wp","href":"https:\/\/api.w.org\/{rel}","templated":true}]}}