{"id":380544,"date":"2025-08-28T22:54:10","date_gmt":"2025-08-28T22:54:10","guid":{"rendered":"https:\/\/www.europesays.com\/de\/380544\/"},"modified":"2025-08-28T22:54:10","modified_gmt":"2025-08-28T22:54:10","slug":"dringende-medizinische-vorbereitungen-fuer-einen-moeglichen-krieg-in-frankreich-was-ist-die-geschichte","status":"publish","type":"post","link":"https:\/\/www.europesays.com\/de\/380544\/","title":{"rendered":"Dringende medizinische Vorbereitungen f\u00fcr einen m\u00f6glichen Krieg in Frankreich .. Was ist die Geschichte?"},"content":{"rendered":"<p>Die franz\u00f6sische Zeitung Le Canard Encha\u00een\u00e9 hat geheime Dokumente ver\u00f6ffentlicht, die auf ernsthafte Vorbereitungen der franz\u00f6sischen Regierung hinweisen, um auf eine gro\u00dfe Krise vorbereitet zu sein, die in den kommenden Monaten eintreten k\u00f6nnte.<\/p>\n<p> Laut der Zeitung hat das franz\u00f6sische Gesundheitsministerium offizielle Anweisungen an die regionalen Gesundheitsbeh\u00f6rden gegeben, die Krankenh\u00e4user dringend auf ein m\u00f6gliches Kriegsszenario vorzubereiten.<\/p>\n<p>Unter dem aufsehenerregenden Titel &#8222;Das Gesundheitsministerium mobilisiert die Krankenh\u00e4user f\u00fcr den Krieg&#8220; berichtete die Zeitung, dass die Gesundheitsministerin Catherine Vautrin die leitenden Gesundheitsbeamten aufgefordert hat, sicherzustellen, dass das Gesundheitssystem bis M\u00e4rz bereit ist.<\/p>\n<p>Diese Vorbereitungen umfassen die Einrichtung spezialisierter medizinischer Zentren zur Behandlung von Kriegverletzungen, die sofort aktiviert werden, sobald ein Konflikt ausbricht, und die sich an strategischen Standorten in der N\u00e4he von Flugh\u00e4fen und Bahnh\u00f6fen befinden.<\/p>\n<p>Den Dokumenten zufolge sollten diese Zentren in der Lage sein, t\u00e4glich mindestens 100 Verletzte aufzunehmen, mit der M\u00f6glichkeit, die Kapazit\u00e4t w\u00e4hrend Spitzenzeiten auf 250 Verletzte pro Tag f\u00fcr drei aufeinanderfolgende Tage zu erh\u00f6hen.<\/p>\n<p> Die Dokumente best\u00e4tigen, dass Frankreich aufgrund seiner geografischen Lage als R\u00fcckhalt f\u00fcr eine internationale Allianz genutzt werden k\u00f6nnte, falls ein Konflikt auf europ\u00e4ischem Boden ausbricht, was die Vorbereitung auf die Aufnahme von Tausenden ausl\u00e4ndischen Soldaten erfordert, die m\u00f6glicherweise sein Territorium \u00fcberqueren und medizinische Versorgung ben\u00f6tigen.<\/p>\n<p>Das Dokument f\u00fcgte hinzu: &#8222;Junge Soldaten, die kampff\u00e4hig sind, ben\u00f6tigen medizinische Versorgung, aber in erster Linie pr\u00e4ventive Ma\u00dfnahmen wie medizinische Untersuchungen und notwendige Impfungen&#8220;.<\/p>\n<p>Als Reaktion auf die Aufregung, die diese Informationen ausgel\u00f6st haben, erkl\u00e4rte Gesundheitsministerin Vautrin gegen\u00fcber dem Sender BFM TV, dass &#8222;dieses Dokument Teil der proaktiven Vorbereitungen ist, \u00e4hnlich wie der strategische Vorrat an Materialien, den der Staat zur Bek\u00e4mpfung von Epidemien anlegt&#8220;.<\/p>\n<p> Sie f\u00fcgte hinzu: &#8222;Ich war nicht Ministerin w\u00e4hrend der COVID-19-Krise, aber jeder erinnert sich daran, wie das Land wegen mangelnder Bereitschaft damals scharfer Kritik ausgesetzt war. Es ist unsere Pflicht, heute vorbereitet zu sein&#8220;.<\/p>\n<p>Die Ministerin betonte, dass die Vorbereitung auf Krisen nicht bedeutet, Panik zu sch\u00fcren, sondern dass sie die Verantwortung des Staates widerspiegelt, seine B\u00fcrger zu sch\u00fctzen und die Fortf\u00fchrung lebenswichtiger Dienstleistungen in den kritischsten Zeiten zu gew\u00e4hrleisten.<\/p>\n","protected":false},"excerpt":{"rendered":"Die franz\u00f6sische Zeitung Le Canard Encha\u00een\u00e9 hat geheime Dokumente ver\u00f6ffentlicht, die auf ernsthafte Vorbereitungen der franz\u00f6sischen Regierung hinweisen,&hellip;\n","protected":false},"author":2,"featured_media":380545,"comment_status":"","ping_status":"","sticky":false,"template":"","format":"standard","meta":{"footnotes":""},"categories":[3974],"tags":[331,332,548,663,3934,3980,156,13,14,15,12,97234],"class_list":{"0":"post-380544","1":"post","2":"type-post","3":"status-publish","4":"format-standard","5":"has-post-thumbnail","7":"category-frankreich","8":"tag-aktuelle-nachrichten","9":"tag-aktuelle-news","10":"tag-eu","11":"tag-europa","12":"tag-europe","13":"tag-france","14":"tag-frankreich","15":"tag-headlines","16":"tag-nachrichten","17":"tag-news","18":"tag-schlagzeilen","19":"tag-weltneuigkeiten"},"share_on_mastodon":{"url":"https:\/\/pubeurope.com\/@de\/115108856801562821","error":""},"_links":{"self":[{"href":"https:\/\/www.europesays.com\/de\/wp-json\/wp\/v2\/posts\/380544","targetHints":{"allow":["GET"]}}],"collection":[{"href":"https:\/\/www.europesays.com\/de\/wp-json\/wp\/v2\/posts"}],"about":[{"href":"https:\/\/www.europesays.com\/de\/wp-json\/wp\/v2\/types\/post"}],"author":[{"embeddable":true,"href":"https:\/\/www.europesays.com\/de\/wp-json\/wp\/v2\/users\/2"}],"replies":[{"embeddable":true,"href":"https:\/\/www.europesays.com\/de\/wp-json\/wp\/v2\/comments?post=380544"}],"version-history":[{"count":0,"href":"https:\/\/www.europesays.com\/de\/wp-json\/wp\/v2\/posts\/380544\/revisions"}],"wp:featuredmedia":[{"embeddable":true,"href":"https:\/\/www.europesays.com\/de\/wp-json\/wp\/v2\/media\/380545"}],"wp:attachment":[{"href":"https:\/\/www.europesays.com\/de\/wp-json\/wp\/v2\/media?parent=380544"}],"wp:term":[{"taxonomy":"category","embeddable":true,"href":"https:\/\/www.europesays.com\/de\/wp-json\/wp\/v2\/categories?post=380544"},{"taxonomy":"post_tag","embeddable":true,"href":"https:\/\/www.europesays.com\/de\/wp-json\/wp\/v2\/tags?post=380544"}],"curies":[{"name":"wp","href":"https:\/\/api.w.org\/{rel}","templated":true}]}}