{"id":380551,"date":"2025-08-28T22:58:17","date_gmt":"2025-08-28T22:58:17","guid":{"rendered":"https:\/\/www.europesays.com\/de\/380551\/"},"modified":"2025-08-28T22:58:17","modified_gmt":"2025-08-28T22:58:17","slug":"vfb-star-wechselt-zu-englischem-spitzenclub-fc-bayern-blitzt-ab","status":"publish","type":"post","link":"https:\/\/www.europesays.com\/de\/380551\/","title":{"rendered":"VfB-Star wechselt zu englischem Spitzenclub \u2013 FC Bayern blitzt ab"},"content":{"rendered":"<p class=\"tspAOg2 tspAOg3\">Die Akte schien geschlossen, da ging sie noch mal auf: Der Poker um Fu\u00dfball-Nationalspieler Nick Woltemade hat kurz vor dem Ende der Transferperiode eine \u00fcberraschende Wende genommen. Der 23 Jahre alte St\u00fcrmer geht aber nicht etwa vom VfB Stuttgart zum <a href=\"https:\/\/www.tagesspiegel.de\/sport\/kane-trifft-spat-fc-bayern-knapp-an-pokal-blamage-vorbei-14237624.html?icid=in-text-link_14243732\" class=\"link link--internal\" data-gtm-class=\"article-text-link\" data-gtm-val=\"internal\" rel=\"nofollow noopener\" target=\"_blank\">FC Bayern M\u00fcnchen<\/a>, sondern steht unmittelbar vor einem Wechsel zum <a href=\"https:\/\/www.tagesspiegel.de\/sport\/eine-liga-sucht-ihre-identitat-die-fussball-bundesliga-startet-in-die-neue-saison-14209454.html?icid=in-text-link_14243732\" class=\"link link--internal\" data-gtm-class=\"article-text-link\" data-gtm-val=\"internal\" rel=\"nofollow noopener\" target=\"_blank\">englischen Spitzenclub Newcastle United<\/a>.<\/p>\n<p class=\"tspAOg2\">Als Abl\u00f6se kassiert der schw\u00e4bische Bundesligist bis zu 90 Millionen Euro &#8211; vorausgesetzt, Woltemade besteht den f\u00fcr Freitag geplanten obligatorischen Medizincheck. Entsprechende Medienberichte decken sich mit dpa-Informationen. Zuerst hatte die \u201eDaily Mail\u201c dar\u00fcber berichtet. Es ist davon auszugehen, dass sich der VfB bis zum Transferschluss am kommenden Montag noch um einen ad\u00e4quaten Ersatz f\u00fcr seinen Shootingstar bem\u00fcht.<\/p>\n<p> Thema doch nicht vom Tisch <\/p>\n<p class=\"tspAOg2\">Sollte der Transfer \u00fcber die B\u00fchne gehen, w\u00fcrde sich der harte Kurs, den der VfB in der Causa Woltemade bislang gefahren ist, auszahlen. Die Bayern hatten wochenlang um den Angreifer geworben, waren aber mit mehreren &#8211; vor allem niedrigeren &#8211; Angeboten beim DFB-Pokalsieger abgeblitzt.<\/p>\n<p class=\"tspAOg2\">Rund um den Supercup, den die M\u00fcnchner vor knapp zwei Wochen in Stuttgart gewannen, hatten die VfB-Bosse Alexander Wehrle und Fabian Wohlgemuth das Thema zumindest aus ihrer Sicht weitgehend abger\u00e4umt. \u201eDie Akte ist geschlossen\u201c, hatte Vorstandschef Wehrle gesagt. Sportvorstand Wohlgemuth erkl\u00e4rte: \u201eDas Thema ist vom Tisch.\u201c Woltemade werde auch in dieser Saison f\u00fcr den VfB spielen, beteuerten beide unisono. Auch in den Tagen danach waren sie von diesem Kurs nicht abgewichen.<\/p>\n<p> Woltemade trifft beim Drama in Braunschweig <\/p>\n<p class=\"tspAOg2\">Ob von Wehrle, Wohlgemuth, Sportdirektor Christian Gentner oder Trainer Sebastian Hoene\u00df &#8211; von allen Seiten gab es zuletzt Lob f\u00fcr Woltemades professionelles Verhalten. Der Spieler hatte den Club fr\u00fchzeitig in diesem Sommer \u00fcber seinen Wechselwunsch informiert und war sich mit den Bayern bereits einig. Der VfB lie\u00df Woltemade aber nicht aus seinem bis 2028 g\u00fcltigen Vertrag raus &#8211; und der St\u00fcrmer sich trotzdem nicht h\u00e4ngen.<\/p>\n<p class=\"tspAOg2\">Beim dramatischen Erstrunden-Sieg im DFB-Pokal bei Eintracht Braunschweig am Dienstag traf Woltemade sowohl aus dem Spiel heraus als auch sp\u00e4ter im Elfmeterschie\u00dfen. Zuvor war er in den ersten Pflichtspielen der Saison torlos geblieben und hatte gegen die Bayern eine riesige Chance vergeben.<\/p>\n<p> Transfer-Saga des Sommers <\/p>\n<p class=\"tspAOg2\">Jetzt, wo alles danach aussah, als w\u00fcrde Woltemade z\u00e4hneknirschend bleiben, geht er also doch. Statt an die Isar zieht es den Torsch\u00fctzenk\u00f6nig der zur\u00fcckliegenden U21-Europameisterschaft auf die Insel. Wirtschaftlich ist es ein riesiger Erfolg f\u00fcr den VfB, der Woltemade erst vor einem Jahr abl\u00f6sefrei von Werder Bremen geholt hatte und dessen bisheriger Rekordverkauf Benjamin Pavard 2019 f\u00fcr rund 35 Millionen Euro gewechselt war &#8211; \u00fcbrigens zu den Bayern.<\/p>\n<p> Mehr aus dem Sport <a href=\"https:\/\/www.tagesspiegel.de\/sport\/kane-trifft-spat-fc-bayern-knapp-an-pokal-blamage-vorbei-14237624.html?icid=topic-list_14243732___\" data-gtm-class=\"article-mzt-link\" class=\"tspCMoe\" rel=\"nofollow noopener\" target=\"_blank\">Kane trifft sp\u00e4t FC Bayern knapp an Pokal-Blamage vorbei <\/a><a href=\"https:\/\/www.tagesspiegel.de\/sport\/gelungener-auftakt-bei-der-basketball-em-deutschland-mit-souveranem-sieg-gegen-montenegro-14236754.html?icid=topic-list_14243732___\" data-gtm-class=\"article-mzt-link\" class=\"tspCMoe\" rel=\"nofollow noopener\" target=\"_blank\">Gelungener Auftakt bei der Basketball-EM Deutschland mit souver\u00e4nem Sieg gegen Montenegro <\/a><a href=\"https:\/\/www.tagesspiegel.de\/sport\/acht-tore-drama-mit-elfmeterschiessen-im-dfb-pokal-titelverteidiger-vfb-stuttgart-zittert-sich-gegen-braunschweig-in-runde-zwei-14231879.html?icid=topic-list_14243732___\" data-gtm-class=\"article-mzt-link\" class=\"tspCMoe\" rel=\"nofollow noopener\" target=\"_blank\">Acht-Tore-Drama mit Elfmeterschie\u00dfen im DFB-Pokal Titelverteidiger VfB Stuttgart zittert sich gegen Braunschweig in Runde zwei <\/a><\/p>\n<p class=\"tspAOg2\">Sportlich ist der sich abzeichnende Abgang des Bundesliga-Senkrechtstarters wom\u00f6glich aber ein herber Verlust f\u00fcr die Stuttgarter, die am Samstag (15.30 Uhr\/Sky) auf Borussia M\u00f6nchengladbach treffen. Coach Hoene\u00df d\u00fcrfte auf einen neuen St\u00fcrmer pochen, doch die Zeit auf dem Transfermarkt dr\u00e4ngt.<\/p>\n<p class=\"tspAOg2\">Der Woltemade-Poker war einen ganzen Sommer \u00fcber das Topthema auf dem nationalen Transfermarkt. Bayern-Patron Uli Hoene\u00df und der deutsche Rekordnationalspieler Lothar Matth\u00e4us lieferten sich ein Verbal-Duell ob der angeblich angemessenen Abl\u00f6sesumme, Woltemade-Berater Danny Bachmann kritisierte den VfB f\u00fcr sein Veto scharf &#8211; und nun gibt&#8217;s doch noch die Wende. (CDU)<\/p>\n","protected":false},"excerpt":{"rendered":"Die Akte schien geschlossen, da ging sie noch mal auf: Der Poker um Fu\u00dfball-Nationalspieler Nick Woltemade hat kurz&hellip;\n","protected":false},"author":2,"featured_media":380552,"comment_status":"","ping_status":"","sticky":false,"template":"","format":"standard","meta":{"footnotes":""},"categories":[5],"tags":[331,332,772,3364,29,1264,458,347,30,13,14,15,12,2915],"class_list":{"0":"post-380551","1":"post","2":"type-post","3":"status-publish","4":"format-standard","5":"has-post-thumbnail","7":"category-nachrichten","8":"tag-aktuelle-nachrichten","9":"tag-aktuelle-news","10":"tag-bayern","11":"tag-de","12":"tag-deutschland","13":"tag-dfb-pokal","14":"tag-fc-bayern-muenchen","15":"tag-fussball","16":"tag-germany","17":"tag-headlines","18":"tag-nachrichten","19":"tag-news","20":"tag-schlagzeilen","21":"tag-vfb-stuttgart"},"share_on_mastodon":{"url":"https:\/\/pubeurope.com\/@de\/115108872405614328","error":""},"_links":{"self":[{"href":"https:\/\/www.europesays.com\/de\/wp-json\/wp\/v2\/posts\/380551","targetHints":{"allow":["GET"]}}],"collection":[{"href":"https:\/\/www.europesays.com\/de\/wp-json\/wp\/v2\/posts"}],"about":[{"href":"https:\/\/www.europesays.com\/de\/wp-json\/wp\/v2\/types\/post"}],"author":[{"embeddable":true,"href":"https:\/\/www.europesays.com\/de\/wp-json\/wp\/v2\/users\/2"}],"replies":[{"embeddable":true,"href":"https:\/\/www.europesays.com\/de\/wp-json\/wp\/v2\/comments?post=380551"}],"version-history":[{"count":0,"href":"https:\/\/www.europesays.com\/de\/wp-json\/wp\/v2\/posts\/380551\/revisions"}],"wp:featuredmedia":[{"embeddable":true,"href":"https:\/\/www.europesays.com\/de\/wp-json\/wp\/v2\/media\/380552"}],"wp:attachment":[{"href":"https:\/\/www.europesays.com\/de\/wp-json\/wp\/v2\/media?parent=380551"}],"wp:term":[{"taxonomy":"category","embeddable":true,"href":"https:\/\/www.europesays.com\/de\/wp-json\/wp\/v2\/categories?post=380551"},{"taxonomy":"post_tag","embeddable":true,"href":"https:\/\/www.europesays.com\/de\/wp-json\/wp\/v2\/tags?post=380551"}],"curies":[{"name":"wp","href":"https:\/\/api.w.org\/{rel}","templated":true}]}}