{"id":380626,"date":"2025-08-28T23:38:21","date_gmt":"2025-08-28T23:38:21","guid":{"rendered":"https:\/\/www.europesays.com\/de\/380626\/"},"modified":"2025-08-28T23:38:21","modified_gmt":"2025-08-28T23:38:21","slug":"loeliger-strub-architektur-in-zuerich-alterswohnen-mit-studi-wg-architektur-und-architekten-news-meldungen-nachrichten","status":"publish","type":"post","link":"https:\/\/www.europesays.com\/de\/380626\/","title":{"rendered":"Loeliger Strub Architektur in Z\u00fcrich \/ Alterswohnen mit Studi-WG &#8211; Architektur und Architekten &#8211; News \/ Meldungen \/ Nachrichten"},"content":{"rendered":"<p>Im zentral gelegenen Z\u00fcrcher Quartier Enge hat das ortsans\u00e4ssige B\u00fcro Loeliger Strub Architektur ein Wohnhaus mit 17 kompakten Wohnungen f\u00fcr Menschen ab 65 Jahren sowie mehreren Gemeinschaftsfl\u00e4chen errichtet. Das Haus Alterswohnen an der Waffenplatzstrasse entstand im Auftrag der Walder Stiftung und ersetzt das ehemalige Wohn- und Arbeitshaus des Stifterehepaars Walder.<\/p>\n<p>Keine Frage. Der Neubau f\u00e4llt auf zwischen den gr\u00fcnderzeitlichen Stadth\u00e4usern der Nachbarschaft. Mit roten Verschattungselementen, hellgraue Faserzementplatten und dunkelblauen Fensterrahmen pr\u00e4gen kr\u00e4ftige Farbkontraste die Fassade. Eine laternenartige Attika, ein stra\u00dfenseitiger Erker sowie Fenster, die teils Geb\u00e4udeecken fassen, teils durchlaufende B\u00e4nder bilden, differenzieren die Ansichten weiter. Hinter der H\u00fclle versteckt sich eine hybride Konstruktion mit massivem Erschlie\u00dfungskern aus Stahlbeton sowie Holz.<\/p>\n<p>Auf f\u00fcnf Geschossen kommen 1,5- bis 3,5-Zimmerwohnungen mit 34 bis 58 Quadratmetern Fl\u00e4che unter. Ein Gemeinschaftsraum im Erdgeschoss sowie ein ebenfalls gemeinschaftlich genutztes Dachgeschoss mit gro\u00dfer K\u00fcche, Dachterrasse sowie Waschr\u00e4umen erweitern das Raumangebot f\u00fcr die Bewohner*innen. F\u00fcr zus\u00e4tzliche Nutzungsmischung \u00fcber die Generationen hinweg sorgt eine 5,5-Zimmer gro\u00dfe Wohngemeinschaft f\u00fcr Studierende im ersten Stock sowie zwei extern vermietete Gewerbefl\u00e4chen im Erdgeschoss.<\/p>\n<p>Stra\u00dfenseitig entstanden gekammerte Grundrisse, deren Wohn- und Schlafr\u00e4ume durch breite Fl\u00fcgelt\u00fcren und \u00fcber das Bad flexibel zusammenschaltbar sind: Denn sobald die Doppelt\u00fcren des Badezimmers ge\u00f6ffnet sind, verschwinden Dusche und Toilette dahinter und machen Platz f\u00fcr einen breiten Durchgang. Die kompakten Einbauk\u00fcchen wurden in die gro\u00dffl\u00e4chig verglasten Erker angeordnet, sodass das Kochen in die Stra\u00dfenflucht und damit in die Nachbarschaft tritt.\u00a0<\/p>\n<p>Im hinteren Geb\u00e4udeteil pr\u00e4gen durchgehende Fensterb\u00e4nder die Wohnungen. Auch hier sorgen geschickt gesetzte Durchg\u00e4nge f\u00fcr Offenheit und die M\u00f6glichkeit, die Wohnung in einer Art Kreisbewegung zu durchlaufen. Kleine Balkone an den hinteren beiden Geb\u00e4udeecken erweitert den Wohnraum zum Hof. (sbm)<\/p>\n<p>Fotos: <a href=\"https:\/\/afaf.ch\/\" target=\"_blank\" rel=\"noopener\">Seraina Wirz<\/a> <\/p>\n<p>Dieses Objekt &amp; Umgebung auf BauNetz-Maps anzeigen:<br \/>&#13;<br \/>\n                                    &#13;<br \/>\n                                            <a href=\"https:\/\/www.baunetz-maps.de\/quelle\/meldungen?cid=10026360\" title=\"Dieses Objekt &amp; Umgebung auf BauNetz-Maps anzeigen\" target=\"_blank\" rel=\"noopener\">&#13;<br \/>\n                                                <img loading=\"lazy\" decoding=\"async\" alt=\"BauNetz-Maps\" width=\"400\" height=\"200\" src=\"https:\/\/www.europesays.com\/de\/wp-content\/uploads\/2025\/04\/deutschland_400x200.png\" \/>&#13;<br \/>\n                                            <\/a>&#13;<br \/>\n                                    &#13;<br \/>\n                                &#13;\n                                <\/p>\n<p>&#13;<br \/>\n&#13;<br \/>\n&#13;<br \/>\n&#13;<br \/>\n&#13;<br \/>\n\t\t\t\t\t\t\tKommentare:<br \/>&#13;<br \/>\n\t\t\t\t\t\t\t<a href=\"https:\/\/www.baunetz.de\/meldungen\/Meldungen-Loeliger_Strub_Architektur_in_Zuerich_10026360.html?backurl=https%3A%2F%2Fwww.baunetz.de%2Fmeldungen%2Findex.html&amp;action=kommentieren\" class=\"lightgrey underline unvisible_print\" target=\"_blank\" rel=\"noopener\">Kommentare (6) lesen \/ Meldung kommentieren<\/a>&#13;<br \/>\n&#13;<br \/>\n&#13;<br \/>\n&#13;\n\t\t\t\t\t\t<\/p>\n","protected":false},"excerpt":{"rendered":"Im zentral gelegenen Z\u00fcrcher Quartier Enge hat das ortsans\u00e4ssige B\u00fcro Loeliger Strub Architektur ein Wohnhaus mit 17 kompakten&hellip;\n","protected":false},"author":2,"featured_media":380627,"comment_status":"","ping_status":"","sticky":false,"template":"","format":"standard","meta":{"footnotes":""},"categories":[1775],"tags":[102990,2252,2251,2250,1793,2248,2253,29,214,30,1794,2249,14,215],"class_list":{"0":"post-380626","1":"post","2":"type-post","3":"status-publish","4":"format-standard","5":"has-post-thumbnail","7":"category-kunst-und-design","8":"tag-alterswohnen-mit-studi-wg","9":"tag-architekt","10":"tag-architekten","11":"tag-architektur","12":"tag-art-and-design","13":"tag-baunetz","14":"tag-bauwesen","15":"tag-deutschland","16":"tag-entertainment","17":"tag-germany","18":"tag-kunst-und-design","19":"tag-meldungen","20":"tag-nachrichten","21":"tag-unterhaltung"},"share_on_mastodon":{"url":"https:\/\/pubeurope.com\/@de\/115109030343500369","error":""},"_links":{"self":[{"href":"https:\/\/www.europesays.com\/de\/wp-json\/wp\/v2\/posts\/380626","targetHints":{"allow":["GET"]}}],"collection":[{"href":"https:\/\/www.europesays.com\/de\/wp-json\/wp\/v2\/posts"}],"about":[{"href":"https:\/\/www.europesays.com\/de\/wp-json\/wp\/v2\/types\/post"}],"author":[{"embeddable":true,"href":"https:\/\/www.europesays.com\/de\/wp-json\/wp\/v2\/users\/2"}],"replies":[{"embeddable":true,"href":"https:\/\/www.europesays.com\/de\/wp-json\/wp\/v2\/comments?post=380626"}],"version-history":[{"count":0,"href":"https:\/\/www.europesays.com\/de\/wp-json\/wp\/v2\/posts\/380626\/revisions"}],"wp:featuredmedia":[{"embeddable":true,"href":"https:\/\/www.europesays.com\/de\/wp-json\/wp\/v2\/media\/380627"}],"wp:attachment":[{"href":"https:\/\/www.europesays.com\/de\/wp-json\/wp\/v2\/media?parent=380626"}],"wp:term":[{"taxonomy":"category","embeddable":true,"href":"https:\/\/www.europesays.com\/de\/wp-json\/wp\/v2\/categories?post=380626"},{"taxonomy":"post_tag","embeddable":true,"href":"https:\/\/www.europesays.com\/de\/wp-json\/wp\/v2\/tags?post=380626"}],"curies":[{"name":"wp","href":"https:\/\/api.w.org\/{rel}","templated":true}]}}