{"id":380630,"date":"2025-08-28T23:40:17","date_gmt":"2025-08-28T23:40:17","guid":{"rendered":"https:\/\/www.europesays.com\/de\/380630\/"},"modified":"2025-08-28T23:40:17","modified_gmt":"2025-08-28T23:40:17","slug":"konkreter-termin-von-may-i-ask-for-one-final-thing-trailer","status":"publish","type":"post","link":"https:\/\/www.europesays.com\/de\/380630\/","title":{"rendered":"Konkreter Termin von \u00bbMay I Ask for One Final Thing?\u00ab + Trailer"},"content":{"rendered":"\n<p>Auf dem <a href=\"https:\/\/x.com\/saihito_anime\/\" rel=\"nofollow noopener\" target=\"_blank\">X-Account<\/a> der Anime-Umsetzung von \u00bbMay I Ask for One Final Thing?\u00ab (jap.: \u00bbSaigo ni Hitotsu dake Onegai Shite mo Yoroshii Deshou ka\u00ab) wurde heute <a href=\"https:\/\/x.com\/saihito_anime\/status\/1903679050180104621\" rel=\"nofollow noopener\" target=\"_blank\">verk\u00fcndet<\/a>, dass diese am 3. Oktober 2025 in Japan anl\u00e4uft. Einen Trailer findet ihr weiter unten.<\/p>\n<p> Simulcast bei Crunchyroll <\/p>\n<p>Die Anime-Adaption von \u00bbMay I Ask for One Final Thing?\u00ab wird unter der Leitung von Regisseur Kazuya Sakamoto (\u00bbKaginado\u00ab) im Studio LIDENFILMS produziert. Hitomi Mieno (\u00bbVTuber Legend\u00ab) \u00fcbernimmt dabei die Serienkomposition.<\/p>\n<p>Das neue Video stellt den Opening-Song mit dem Titel \u00bbSenjo no Hana\u00ab vor, der von CHICO with HoneyWorks stammt, sowie den Ending-Song \u00bbInferior\u00ab von Shiyui.<\/p>\n<p>Der VoD-Dienst <a href=\"https:\/\/www.anime2you.de\/streaming-news\/crunchyroll\/\" rel=\"nofollow noopener\" target=\"_blank\">Crunchyroll<\/a> zeigt die Anime-Umsetzung der gleichnamigen <a href=\"https:\/\/www.amazon.de\/Thing%EF%BC%9F%EF%BC%9ASaigo-Hitotsudake-Onegaishitemo-Yoroshiideshouka%EF%BC%9F-English-ebook\/dp\/B0BZW9YJV4\/?tag=anim0f-21\" rel=\"nofollow noopener\" target=\"_blank\">Manga-Reihe<\/a> von Sora Hoonoki, die seit Juni 2019 im \u00bbRegina\u00ab-Magazin erscheint und auf der\u00a0originalen Light Novel von Nana Ootori basiert, im Simulcast.<\/p>\n<p> Mehr zum Thema:  Trailer:  Visual: <\/p>\n<p><img fetchpriority=\"high\" decoding=\"async\" class=\"aligncenter wp-image-930899\" src=\"https:\/\/www.europesays.com\/de\/wp-content\/uploads\/2025\/08\/one-final-thing-kv.jpg\" alt=\"\" width=\"435\" height=\"616\"  \/><\/p>\n<p> Handlung: <\/p>\n<p>Auf einem Ball wird Scarlet \u00f6ffentlich von ihrem Verlobten Kyle verlassen, der sie f\u00e4lschlich als Tyrannin hinstellt. Nach Jahren voller Kr\u00e4nkungen verlangt sie als Abschiedsgeschenk einen Schlag ins Gesicht \u2013 der Auftakt zu ihrem gnadenlosen Rachefeldzug gegen Kyle und seine Freunde.<\/p>\n<p>\u00a9 Sora Hoonoki \u00b7 AlphaPolis \/ Mai-Hito Production Committee<\/p>\n","protected":false},"excerpt":{"rendered":"Auf dem X-Account der Anime-Umsetzung von \u00bbMay I Ask for One Final Thing?\u00ab (jap.: \u00bbSaigo ni Hitotsu dake&hellip;\n","protected":false},"author":2,"featured_media":380631,"comment_status":"","ping_status":"","sticky":false,"template":"","format":"standard","meta":{"footnotes":""},"categories":[1773],"tags":[29,214,30,471,1780,215],"class_list":{"0":"post-380630","1":"post","2":"type-post","3":"status-publish","4":"format-standard","5":"has-post-thumbnail","7":"category-serien","8":"tag-deutschland","9":"tag-entertainment","10":"tag-germany","11":"tag-serien","12":"tag-series","13":"tag-unterhaltung"},"share_on_mastodon":{"url":"https:\/\/pubeurope.com\/@de\/115109037735970234","error":""},"_links":{"self":[{"href":"https:\/\/www.europesays.com\/de\/wp-json\/wp\/v2\/posts\/380630","targetHints":{"allow":["GET"]}}],"collection":[{"href":"https:\/\/www.europesays.com\/de\/wp-json\/wp\/v2\/posts"}],"about":[{"href":"https:\/\/www.europesays.com\/de\/wp-json\/wp\/v2\/types\/post"}],"author":[{"embeddable":true,"href":"https:\/\/www.europesays.com\/de\/wp-json\/wp\/v2\/users\/2"}],"replies":[{"embeddable":true,"href":"https:\/\/www.europesays.com\/de\/wp-json\/wp\/v2\/comments?post=380630"}],"version-history":[{"count":0,"href":"https:\/\/www.europesays.com\/de\/wp-json\/wp\/v2\/posts\/380630\/revisions"}],"wp:featuredmedia":[{"embeddable":true,"href":"https:\/\/www.europesays.com\/de\/wp-json\/wp\/v2\/media\/380631"}],"wp:attachment":[{"href":"https:\/\/www.europesays.com\/de\/wp-json\/wp\/v2\/media?parent=380630"}],"wp:term":[{"taxonomy":"category","embeddable":true,"href":"https:\/\/www.europesays.com\/de\/wp-json\/wp\/v2\/categories?post=380630"},{"taxonomy":"post_tag","embeddable":true,"href":"https:\/\/www.europesays.com\/de\/wp-json\/wp\/v2\/tags?post=380630"}],"curies":[{"name":"wp","href":"https:\/\/api.w.org\/{rel}","templated":true}]}}