{"id":380632,"date":"2025-08-28T23:41:13","date_gmt":"2025-08-28T23:41:13","guid":{"rendered":"https:\/\/www.europesays.com\/de\/380632\/"},"modified":"2025-08-28T23:41:13","modified_gmt":"2025-08-28T23:41:13","slug":"antenne-bayern-gibt-newcomerin-mittagsshow-comeback-von-meixner-angekuendigt","status":"publish","type":"post","link":"https:\/\/www.europesays.com\/de\/380632\/","title":{"rendered":"Antenne Bayern gibt Newcomerin Mittagsshow &#8211; Comeback von Meixner angek\u00fcndigt"},"content":{"rendered":"<p>            <img decoding=\"async\" fetchpriority=\"high\" width=\"696\" height=\"400\" data-no-lazy=\"\" class=\"entry-thumb\" src=\"https:\/\/www.europesays.com\/de\/wp-content\/uploads\/2025\/08\/DF-Fotos-15-1-696x400.jpg\" alt=\"Antenne Bayern am Mittag\" title=\"Antenne Bayern am Mittag\"\/>Foto: Antenne Bayern<\/p>\n<p><strong>Zum Start der neuen Radiosaison ist eine der bekanntesten Radiostimmen Bayerns wieder on air. Was es mit der R\u00fcckkehr von Stefan Meixner auf sich hat.<\/strong><\/p>\n<p>Antenne Bayern, zweitmeistgeh\u00f6rtes Privat-Radioprogramm in Deutschland, startet mit einer neuen Mittagsshow in die neue Radiosaison. Wie der Sender mitteilte, l\u00e4uft diese ab kommender Woche immer montags bis donnerstags drei Stunden lang ab zw\u00f6lf Uhr \u2013 und ist hinsichtlich der Moderation durchaus besonders. Denn live im Studio stehen wird die als \u201ecoole Jule\u201c im Programm bekannt gewordene Jule de Geus, die vor wenigen Monaten den Contest \u201eThe Next Radiostar\u201c bei Antenne Bayern gewann, also noch ganz frisch im Gesch\u00e4ft ist. Zur\u00fcckkehren wird dann auch Stefan Meixner. Er war langj\u00e4hriger Nachmittags-Moderator von Antenne Bayern, pr\u00e4sentierte in den vergangenen Jahren aber eine nach ihm benannte Show am Samstagmorgen- und Samstagvormittag. Ende M\u00e4rz lief von \u201eDie Stefan-Meixner-Show\u201c die letzte Folge. Seitdem war auch Meixner selbst nicht mehr beim bayerischen Radiosender zu h\u00f6ren.<\/p>\n<p>Nun sein Comeback: Meixner soll mit \u201eJule\u201c \u201efrischen Wind in Euren Mittag\u201c bringen, wie der Sender verspricht. Antenne Bayern k\u00fcndigt an, innerhalb der Show die Rechnungen f\u00fcr \u201eEure Bestellungen\u201c zu \u00fcbernehmen \u2013 zugleich landet \u201eEuer Song\u201c dann gleich \u201eauf unserer Playlist\u201c. Die Aufgabe von Jule werde es sein, die Community zu managen. Jeder habe die Chance, \u201edie Playlist\u201c zu crashen. <\/p>\n<p>Nach Informationen von DIGITAL FERNSEHEN werden die Moderationen von Stefan Meixner vorab aufgezeichnet sein. Was im Tagesprogramm von Antenne Bayern eine Neuheit ist, ist grunds\u00e4tzlich ein alter Hut. Zahlreiche gro\u00dfe Radiopers\u00f6nlichkeiten produzieren ihre Inhalte f\u00fcr Sender vorab, aus den unterschiedlichsten Gr\u00fcnden. Ein Beispiel daf\u00fcr ist \u201eRadio-Legende\u201c Rik de Lisle, seine Musikmoderationen erfreuen sich gr\u00f6\u00dfter Beliebtheit. <\/p>\n<p>Stefan Meixner: Eine der bekanntesten bayerischen Radiostimmen zur\u00fcck<\/p>\n<p>Auch Stefan Meixner z\u00e4hlt zu den bekanntesten Radiopers\u00f6nlichkeiten im Freistaat. Schlagzeilen machte der Radiomoderator schon vor einigen Jahren: Als er hinter\u2019m Mischpult k\u00fcrzer trat, um seine Leidenschaft zum Beruf zu machen. Meixner heuerte als Busfahrer an \u2013 zwar nicht in Vollzeit, aber immerhin. Bis jetzt lenkt er noch Busse und dr\u00fcckt, wie er einst mal in einem seiner Steckbriefe verriet, leidenschaftlich auf den Knopf des T\u00fcr\u00f6ffners.<\/p>\n<p>Bei \u201eThe Next Radiostar\u201c gab es \u00fcbrigens noch einen zweiten Sieger: Basti ist seit einigen Tagen Teil des Morningshow-Teams und pr\u00e4sentiert derzeit die Verkehrsmeldungen.<\/p>\n<p>Au\u00dferdem interessant:<\/p>\n","protected":false},"excerpt":{"rendered":"Foto: Antenne Bayern Zum Start der neuen Radiosaison ist eine der bekanntesten Radiostimmen Bayerns wieder on air. Was&hellip;\n","protected":false},"author":2,"featured_media":380633,"comment_status":"","ping_status":"","sticky":false,"template":"","format":"standard","meta":{"footnotes":""},"categories":[1772],"tags":[102991,29,214,30,1779,810,215],"class_list":{"0":"post-380632","1":"post","2":"type-post","3":"status-publish","4":"format-standard","5":"has-post-thumbnail","7":"category-musik","8":"tag-antenne-bayern","9":"tag-deutschland","10":"tag-entertainment","11":"tag-germany","12":"tag-music","13":"tag-musik","14":"tag-unterhaltung"},"share_on_mastodon":{"url":"https:\/\/pubeurope.com\/@de\/115109042407353822","error":""},"_links":{"self":[{"href":"https:\/\/www.europesays.com\/de\/wp-json\/wp\/v2\/posts\/380632","targetHints":{"allow":["GET"]}}],"collection":[{"href":"https:\/\/www.europesays.com\/de\/wp-json\/wp\/v2\/posts"}],"about":[{"href":"https:\/\/www.europesays.com\/de\/wp-json\/wp\/v2\/types\/post"}],"author":[{"embeddable":true,"href":"https:\/\/www.europesays.com\/de\/wp-json\/wp\/v2\/users\/2"}],"replies":[{"embeddable":true,"href":"https:\/\/www.europesays.com\/de\/wp-json\/wp\/v2\/comments?post=380632"}],"version-history":[{"count":0,"href":"https:\/\/www.europesays.com\/de\/wp-json\/wp\/v2\/posts\/380632\/revisions"}],"wp:featuredmedia":[{"embeddable":true,"href":"https:\/\/www.europesays.com\/de\/wp-json\/wp\/v2\/media\/380633"}],"wp:attachment":[{"href":"https:\/\/www.europesays.com\/de\/wp-json\/wp\/v2\/media?parent=380632"}],"wp:term":[{"taxonomy":"category","embeddable":true,"href":"https:\/\/www.europesays.com\/de\/wp-json\/wp\/v2\/categories?post=380632"},{"taxonomy":"post_tag","embeddable":true,"href":"https:\/\/www.europesays.com\/de\/wp-json\/wp\/v2\/tags?post=380632"}],"curies":[{"name":"wp","href":"https:\/\/api.w.org\/{rel}","templated":true}]}}