{"id":380638,"date":"2025-08-28T23:45:20","date_gmt":"2025-08-28T23:45:20","guid":{"rendered":"https:\/\/www.europesays.com\/de\/380638\/"},"modified":"2025-08-28T23:45:20","modified_gmt":"2025-08-28T23:45:20","slug":"marteria-kuendigt-bei-konzert-in-warnemuende-neues-album-und-open-air-in-rostock-an-ostsee-zeitung","status":"publish","type":"post","link":"https:\/\/www.europesays.com\/de\/380638\/","title":{"rendered":"Marteria k\u00fcndigt bei Konzert in Warnem\u00fcnde neues Album und Open Air in Rostock an &#8211; Ostsee Zeitung"},"content":{"rendered":"<ol>\n<li><a href=\"https:\/\/news.google.com\/rss\/articles\/CBMi8wFBVV95cUxPcTVsZkJBV2kyaU9aVXZWOENYdEExZEhtMTZXUGNHUFppV0Z3OERtTVd1NnpNUThkRThuOTdScVpNUGhzajRUY0JDNXY0TmRnUTlMNDZMS0xQaktISVZqdHBxX055ay03NUJaSmdoZXE1Yi1vQ0JBMlJDN2E5YnUzOE1CVGZpenI0TV9laDNDMnhEazBKR0RRak56MTI2b2c4ZDhpbEtwLVNPelI2YVl3RGw0Mnd3MGd3TWtiQkluTkhYQVVwaV8tc2tEalpUcUV3Znl3MVluMzRnZmVWR0Y4T1prbGFVNy1VUVU1aG9aREtiR2fSAY8CQVVfeXFMTjlFLTRMb3c3QXlFaGJMZjBVX1NTX0xsdkE2QlM3dW5wQVBIOURod01xRWU5aFdtbk1JcGNvSEVfd0xya1NhSF9YN1d0VV9JQU9neVA0RkZWNTFtSjEyOE1QZFRvWmtkRHlETDNrR3oyMFg1SGZqeGZlZVIxWkdlWmFSYWl0S1p2dHFuM01nMXM0Q2NqQ1dHeFZnaUVnN2hPcWJXYnBsd3hkNVhTbElVdWYxcEMwUWg0b2Jjd3hicldrV0hudXpqRE5XREZoaDZCSjZUeWpQdGNkNHV0ak84QUUzYmlaZmRaOW02RGozUWdhZG9jQ2s5Z2xocE5RRTcyODRiMVE4VkdmcEVpdUxNSQ?oc=5\" target=\"_blank\" rel=\"nofollow noopener\">Marteria k\u00fcndigt bei Konzert in Warnem\u00fcnde neues Album und Open Air in Rostock an<\/a>&nbsp;&nbsp;Ostsee Zeitung<\/li>\n<li><a href=\"https:\/\/news.google.com\/rss\/articles\/CBMitgFBVV95cUxNZEpoX0ZSelVNaVZlOFp5VDBER0dNS19YUUZSTmU3aVlCTEh2N21UTXFxYWRvaVpNNkY3OFl0UHU4YmVqbDlqMHBueFVGNjZPeGJpUEp6ZmdzdlBPaXZ5MWdqV3E4MmhJWDBZbkMxMkhYTWd4X1RyTHZ1bXAyQzEwSkhKY2ZfUS1LYlpuZXhmTGdXQXBvc3l0NEpLS0tDeGJpZ2llRnd3Zm1iMmtHNkxkV0kyN0JUUQ?oc=5\" target=\"_blank\" rel=\"nofollow noopener\">\u00dcberraschung f\u00fcr Fans: Marteria gibt kostenloses Konzert am Strand von Warnem\u00fcnde<\/a>&nbsp;&nbsp;NDR.de<\/li>\n<li><a href=\"https:\/\/news.google.com\/rss\/articles\/CBMiyAFBVV95cUxQc0FDV0c4SF95eXVuM0poUXl5V3dfbkRhZHRSam1rSFBYaTRGT3gtN3lTSGlXVlE0RWJCU2t5NnJ2WkppT3JGakdoVVNkeHhEcGlPRjA3eUN5R0FRODNVQjc3cXBwYW8zMDNDdGVqdXQxTVFWWjB5TXo2eXhBSjFYVFV0YUN3NzdOUjhWV1hfT292WWZlejJHNDk1OExGNzFCVXJIWFkyT0xiZ2tjVVNIZ2twc3Z5TDNNSDZLZHFRdkNGLVo3dzRnMA?oc=5\" target=\"_blank\" rel=\"nofollow noopener\">Rostock: Marteria \u00fcberrascht mit kostenlosem Strandkonzert<\/a>&nbsp;&nbsp;FAZ<\/li>\n<li><a href=\"https:\/\/news.google.com\/rss\/articles\/CBMiswFBVV95cUxPZkRwc1VZMDhJaFAtUVcwbjZJUklCTGU4eFpJSTdfRXZObC1YbXQzalZRaGxaRktySDNhSUJJRU1CTXZvTmtOUlRIb2hsZjhPTHdmUWhUNlJ5elJKTU51cThRd1Q1blI4NkNQMjdfMkpQSFZnY3RVX0hqNDdVZDJBNkJqc215TmN3N0F3VVdUTC0xSlhqYnBiZ3ozOWZfS3ctb0hmNHVCdmNwMDFYSEppNENZZw?oc=5\" target=\"_blank\" rel=\"nofollow noopener\">Marteria feiert 15 Jahre \u201eZum Gl\u00fcck in die Zukunft\u201c \u2013 Tour 2026 angek\u00fcndigt<\/a>&nbsp;&nbsp;Eventim<\/li>\n<li><a href=\"https:\/\/news.google.com\/rss\/articles\/CBMi7gFBVV95cUxPVWhVMHF4cVNrRTMwY0ZwU1JubmFnSU1vTGhTTlJqbHI3ZlQwT3dKbG56UGFBbG9CMjV3YVlvVnJWd2gtS0lZUTVNcTl6ZXl0SDk1RDB5dVFPWWlzMDUwTmVVR2hYVWJyeXJxLVZpMEJyQjN2U05mcDI5d1ZpSlBPTDRaMFg4cTJhczhnOG1iNTVDcnNxTFRTOV9jWWtVeGtCUm5oZVJ3dnRCdlBJWW4tTEVUUDBJbUMtUV9hbHVnQTV4eGZyMkdHWERNbXBIYjNfUXZvdmx1WFRyTjVnS0lyM0ZUZEZkSlNqb0M5ZzBn0gGKAkFVX3lxTFBIZVZvQ3huc1NSSlhjMGZ6ZF9ka1hFbjh1cTdYdGlvU1ZmVE5SeTRGSGdpOWlaV1JDVllaeDB2QWhrY1dZcDhfYnZ2bEJOZWxzUTI1V2gxQXNRRnc1TklJWm0tRGczMGphUXl5c1daenJZUnBtUzMtX1Q4SEhXV0JwVEEwbFpnaTY1empOcko2UVUzWkR4UklqeWllYXpOUlNNaWVFMHlPWHpoYWpfRlJ2UG9UTmFPRUdQd1U3ckkyeHdOU05TZDBQQ0xjNUYtOFU1SlZYMHdpYVJPRlFTTkJ4NXl4VEZqSjhwc0ZmUVlmemVUS3Y2Yk9vY1VyMDJiRWRsa1pPaVFoc2d3?oc=5\" target=\"_blank\" rel=\"nofollow noopener\">Rostock: Marteria gibt spontanes Konzert in Warnem\u00fcnde &#8211; alle Infos im Liveticker<\/a>&nbsp;&nbsp;Ostsee Zeitung<\/li>\n<\/ol>\n","protected":false},"excerpt":{"rendered":"Marteria k\u00fcndigt bei Konzert in Warnem\u00fcnde neues Album und Open Air in Rostock an&nbsp;&nbsp;Ostsee Zeitung \u00dcberraschung f\u00fcr Fans:&hellip;\n","protected":false},"author":2,"featured_media":380639,"comment_status":"","ping_status":"","sticky":false,"template":"","format":"standard","meta":{"footnotes":""},"categories":[155],"tags":[29,214,30,215],"class_list":{"0":"post-380638","1":"post","2":"type-post","3":"status-publish","4":"format-standard","5":"has-post-thumbnail","7":"category-unterhaltung","8":"tag-deutschland","9":"tag-entertainment","10":"tag-germany","11":"tag-unterhaltung"},"share_on_mastodon":{"url":"https:\/\/pubeurope.com\/@de\/115109057231258133","error":""},"_links":{"self":[{"href":"https:\/\/www.europesays.com\/de\/wp-json\/wp\/v2\/posts\/380638","targetHints":{"allow":["GET"]}}],"collection":[{"href":"https:\/\/www.europesays.com\/de\/wp-json\/wp\/v2\/posts"}],"about":[{"href":"https:\/\/www.europesays.com\/de\/wp-json\/wp\/v2\/types\/post"}],"author":[{"embeddable":true,"href":"https:\/\/www.europesays.com\/de\/wp-json\/wp\/v2\/users\/2"}],"replies":[{"embeddable":true,"href":"https:\/\/www.europesays.com\/de\/wp-json\/wp\/v2\/comments?post=380638"}],"version-history":[{"count":0,"href":"https:\/\/www.europesays.com\/de\/wp-json\/wp\/v2\/posts\/380638\/revisions"}],"wp:featuredmedia":[{"embeddable":true,"href":"https:\/\/www.europesays.com\/de\/wp-json\/wp\/v2\/media\/380639"}],"wp:attachment":[{"href":"https:\/\/www.europesays.com\/de\/wp-json\/wp\/v2\/media?parent=380638"}],"wp:term":[{"taxonomy":"category","embeddable":true,"href":"https:\/\/www.europesays.com\/de\/wp-json\/wp\/v2\/categories?post=380638"},{"taxonomy":"post_tag","embeddable":true,"href":"https:\/\/www.europesays.com\/de\/wp-json\/wp\/v2\/tags?post=380638"}],"curies":[{"name":"wp","href":"https:\/\/api.w.org\/{rel}","templated":true}]}}