{"id":380661,"date":"2025-08-28T23:57:11","date_gmt":"2025-08-28T23:57:11","guid":{"rendered":"https:\/\/www.europesays.com\/de\/380661\/"},"modified":"2025-08-28T23:57:11","modified_gmt":"2025-08-28T23:57:11","slug":"gelsenkirchen-bei-familienstreit-hand-gebrochen","status":"publish","type":"post","link":"https:\/\/www.europesays.com\/de\/380661\/","title":{"rendered":"Gelsenkirchen: Bei Familienstreit Hand gebrochen"},"content":{"rendered":"<p><b>Familienstreit eskaliert: In Gelsenkirchen kam es zu einer handgreiflichen Auseinandersetzung, bei der ein Jugendlicher verletzt wurde. Ein 39-J\u00e4hriger steht im Verdacht, unter Drogeneinfluss Drohungen ausgesprochen zu haben.<\/b>\n<\/p>\n<p>Auf der Stra\u00dfe Ahlmannshof in Gelsenkirchen kam es am 28. August 2025 gegen 15:20 Uhr zu einer Auseinandersetzung zwischen einem 39-j\u00e4hrigen Mann ohne festen Wohnsitz in Deutschland, einem 17-j\u00e4hrigen Jugendlichen aus Gelsenkirchen und dessen 18-j\u00e4hriger Cousine. Im Verlauf des Streits wurde der 17-J\u00e4hrige zu Boden gesto\u00dfen, wobei er sich vermutlich die Hand brach. Zudem drohte der 39-J\u00e4hrige der 18-J\u00e4hrigen, sie zu t\u00f6ten.<\/p>\n<p>Nach Angaben der Polizei handelt es sich bei dem Beschuldigten um den angeheirateten Onkel der jungen Frau. Au\u00dferdem soll er mutma\u00dflich der biologische Vater des 17-J\u00e4hrigen sein, den er offenbar nicht kannte. Der genaue Ausl\u00f6ser der Auseinandersetzung konnte vor Ort nicht gekl\u00e4rt werden.<\/p>\n<p>Der verletzte Jugendliche wurde mit einem Rettungswagen in ein Krankenhaus gebracht. Der 39-J\u00e4hrige, der offenbar unter dem Einfluss von Bet\u00e4ubungsmitteln stand, wurde vorl\u00e4ufig festgenommen. Die Ermittlungen dauern an.<\/p>\n<p>Dieser Beitrag stammt von presseportal.de und wurde mit Hilfe von KI erstellt.<\/p>\n<p>                <a id=\"like-anchor\"\/><\/p>\n<p>                    Dieser Inhalt gef\u00e4llt Ihnen?<\/p>\n<p>Melden Sie sich an, um diesen Inhalt mit \u00abGef\u00e4llt mir\u00bb zu markieren.<\/p>\n<p>            \u00d7<\/p>\n<p>        <a href=\"#\" data-trigger-click-on-space-or-enter=\"\" class=\"button ggm-like-button hollow\" title=\"Gef\u00e4llt mir\" data-open=\"like-conversion-68b0ecd58ad01\"><\/p>\n<p>        <\/a><\/p>\n<p>\n        Gef\u00e4llt <strong>0<\/strong> mal<br \/>\n        0\n    <\/p>\n<p>                    Sie m\u00f6chten diesem Profil folgen?<\/p>\n<p>Verpassen Sie nicht die neuesten Inhalte von diesem Profil: Melden Sie sich an, um neuen Inhalten von Profilen und Orten in Ihrem <strong>pers\u00f6nlichen Feed<\/strong> zu folgen.<\/p>\n<p>            \u00d7<\/p>\n<p>\n            <strong>6<\/strong> folgen diesem Profil\n        <\/p>\n","protected":false},"excerpt":{"rendered":"Familienstreit eskaliert: In Gelsenkirchen kam es zu einer handgreiflichen Auseinandersetzung, bei der ein Jugendlicher verletzt wurde. Ein 39-J\u00e4hriger&hellip;\n","protected":false},"author":2,"featured_media":380662,"comment_status":"","ping_status":"","sticky":false,"template":"","format":"standard","meta":{"footnotes":""},"categories":[1848],"tags":[3364,29,548,663,3934,3658,30,13,14,15,1209,12],"class_list":{"0":"post-380661","1":"post","2":"type-post","3":"status-publish","4":"format-standard","5":"has-post-thumbnail","7":"category-gelsenkirchen","8":"tag-de","9":"tag-deutschland","10":"tag-eu","11":"tag-europa","12":"tag-europe","13":"tag-gelsenkirchen","14":"tag-germany","15":"tag-headlines","16":"tag-nachrichten","17":"tag-news","18":"tag-nordrhein-westfalen","19":"tag-schlagzeilen"},"share_on_mastodon":{"url":"https:\/\/pubeurope.com\/@de\/115109104451858972","error":""},"_links":{"self":[{"href":"https:\/\/www.europesays.com\/de\/wp-json\/wp\/v2\/posts\/380661","targetHints":{"allow":["GET"]}}],"collection":[{"href":"https:\/\/www.europesays.com\/de\/wp-json\/wp\/v2\/posts"}],"about":[{"href":"https:\/\/www.europesays.com\/de\/wp-json\/wp\/v2\/types\/post"}],"author":[{"embeddable":true,"href":"https:\/\/www.europesays.com\/de\/wp-json\/wp\/v2\/users\/2"}],"replies":[{"embeddable":true,"href":"https:\/\/www.europesays.com\/de\/wp-json\/wp\/v2\/comments?post=380661"}],"version-history":[{"count":0,"href":"https:\/\/www.europesays.com\/de\/wp-json\/wp\/v2\/posts\/380661\/revisions"}],"wp:featuredmedia":[{"embeddable":true,"href":"https:\/\/www.europesays.com\/de\/wp-json\/wp\/v2\/media\/380662"}],"wp:attachment":[{"href":"https:\/\/www.europesays.com\/de\/wp-json\/wp\/v2\/media?parent=380661"}],"wp:term":[{"taxonomy":"category","embeddable":true,"href":"https:\/\/www.europesays.com\/de\/wp-json\/wp\/v2\/categories?post=380661"},{"taxonomy":"post_tag","embeddable":true,"href":"https:\/\/www.europesays.com\/de\/wp-json\/wp\/v2\/tags?post=380661"}],"curies":[{"name":"wp","href":"https:\/\/api.w.org\/{rel}","templated":true}]}}