{"id":380663,"date":"2025-08-28T23:58:10","date_gmt":"2025-08-28T23:58:10","guid":{"rendered":"https:\/\/www.europesays.com\/de\/380663\/"},"modified":"2025-08-28T23:58:10","modified_gmt":"2025-08-28T23:58:10","slug":"fw-mainz-aktueller-einsatz-der-feuerwehr-mainz-baukran-droht-durch-unterspuelung","status":"publish","type":"post","link":"https:\/\/www.europesays.com\/de\/380663\/","title":{"rendered":"FW Mainz: +++ Aktueller Einsatz der Feuerwehr Mainz: Baukran droht durch Untersp\u00fclung &#8230;"},"content":{"rendered":"<p class=\"date\">28.08.2025 \u2013 18:55<\/p>\n<p class=\"customer\">\n                        <a class=\"story-customer\" title=\"weiter zum newsroom von Feuerwehr Mainz\" href=\"https:\/\/www.presseportal.de\/blaulicht\/nr\/171463\" rel=\"nofollow noopener\" target=\"_blank\">Feuerwehr Mainz<\/a>\n                    <\/p>\n<p><a data-category=\"citylink-story-view\" data-action=\"click\" data-label=\"Citylink in Meldungsansicht\" class=\"story-city event-trigger\" href=\"https:\/\/www.presseportal.de\/regional\/Mainz\" title=\"News aus Mainz \" rel=\"nofollow noopener\" target=\"_blank\">Mainz<\/a> (ots)<\/p>\n<p>Aktuell befindet sich die Feuerwehr Mainz im Einsatz.<\/p>\n<p>Ereignis: Baukran droht durch Untersp\u00fclung umzust\u00fcrzen<\/p>\n<p>Einsatzort: Mainz-Laubenheim, Haydnstra\u00dfe<\/p>\n<p>Personensch\u00e4den: Noch keine<\/p>\n<p>Sonstige Hinweise: Eine Baugrube steht unter Wasser, ein Baukran wurde untersp\u00fclt. Anliegende Wohnh\u00e4user wurden ger\u00e4umt.<\/p>\n<p>Pressesprecher:in vor Ort: Nein<\/p>\n<p>F\u00fcr weitere Informationen, wenden Sie sich bitte an das Pressetelefon der Feuerwehr Mainz unter 06131 &#8211; 12 4650.<\/p>\n<p>Nach Einsatzende folgt eine ausf\u00fchrliche Pressemitteilung.<\/p>\n<p class=\"contact-headline\">R\u00fcckfragen bitte an:<\/p>\n<p class=\"contact-text\">Landeshauptstadt Mainz<br \/>Feuerwehr<br \/>Telefon: 06131 &#8211; 12 4650<br \/>E-Mail: <a href=\"https:\/\/www.presseportal.de\/blaulicht\/pm\/171463\/mailto: puma.feuerwehr@stadt.mainz.de\" class=\"uri-mailto\" rel=\"nofollow noopener\" target=\"_blank\"> puma.feuerwehr@stadt.mainz.de<\/a><br \/><a target=\"_blank\" class=\"uri-ext outbound\" rel=\"noopener nofollow\" href=\"http:\/\/www.berufsfeuerwehr-mainz.de\">http:\/\/www.berufsfeuerwehr-mainz.de<\/a><\/p>\n<p class=\"originator\">Original-Content von: Feuerwehr Mainz, \u00fcbermittelt durch news aktuell<\/p>\n","protected":false},"excerpt":{"rendered":"28.08.2025 \u2013 18:55 Feuerwehr Mainz Mainz (ots) Aktuell befindet sich die Feuerwehr Mainz im Einsatz. Ereignis: Baukran droht&hellip;\n","protected":false},"author":2,"featured_media":380428,"comment_status":"","ping_status":"","sticky":false,"template":"","format":"standard","meta":{"footnotes":""},"categories":[1847],"tags":[3364,29,548,663,3934,985,30,13,2052,14,15,178,180,179,181,17273,12,4544],"class_list":{"0":"post-380663","1":"post","2":"type-post","3":"status-publish","4":"format-standard","5":"has-post-thumbnail","7":"category-wiesbaden","8":"tag-de","9":"tag-deutschland","10":"tag-eu","11":"tag-europa","12":"tag-europe","13":"tag-feuerwehr","14":"tag-germany","15":"tag-headlines","16":"tag-hessen","17":"tag-nachrichten","18":"tag-news","19":"tag-presse","20":"tag-pressemeldung","21":"tag-pressemitteilung","22":"tag-pressemitteilungen","23":"tag-rp","24":"tag-schlagzeilen","25":"tag-wiesbaden"},"share_on_mastodon":{"url":"https:\/\/pubeurope.com\/@de\/115109108678038440","error":""},"_links":{"self":[{"href":"https:\/\/www.europesays.com\/de\/wp-json\/wp\/v2\/posts\/380663","targetHints":{"allow":["GET"]}}],"collection":[{"href":"https:\/\/www.europesays.com\/de\/wp-json\/wp\/v2\/posts"}],"about":[{"href":"https:\/\/www.europesays.com\/de\/wp-json\/wp\/v2\/types\/post"}],"author":[{"embeddable":true,"href":"https:\/\/www.europesays.com\/de\/wp-json\/wp\/v2\/users\/2"}],"replies":[{"embeddable":true,"href":"https:\/\/www.europesays.com\/de\/wp-json\/wp\/v2\/comments?post=380663"}],"version-history":[{"count":0,"href":"https:\/\/www.europesays.com\/de\/wp-json\/wp\/v2\/posts\/380663\/revisions"}],"wp:featuredmedia":[{"embeddable":true,"href":"https:\/\/www.europesays.com\/de\/wp-json\/wp\/v2\/media\/380428"}],"wp:attachment":[{"href":"https:\/\/www.europesays.com\/de\/wp-json\/wp\/v2\/media?parent=380663"}],"wp:term":[{"taxonomy":"category","embeddable":true,"href":"https:\/\/www.europesays.com\/de\/wp-json\/wp\/v2\/categories?post=380663"},{"taxonomy":"post_tag","embeddable":true,"href":"https:\/\/www.europesays.com\/de\/wp-json\/wp\/v2\/tags?post=380663"}],"curies":[{"name":"wp","href":"https:\/\/api.w.org\/{rel}","templated":true}]}}