{"id":380676,"date":"2025-08-29T00:05:40","date_gmt":"2025-08-29T00:05:40","guid":{"rendered":"https:\/\/www.europesays.com\/de\/380676\/"},"modified":"2025-08-29T00:05:40","modified_gmt":"2025-08-29T00:05:40","slug":"ihk-veranstaltung-in-bielefeld-ueber-die-bundeswehr-als-partner-der-wirtschaft","status":"publish","type":"post","link":"https:\/\/www.europesays.com\/de\/380676\/","title":{"rendered":"IHK-Veranstaltung in Bielefeld \u00fcber die Bundeswehr als Partner der Wirtschaft"},"content":{"rendered":"<p>Die Industrie- und Handelskammer in Bielefeld ermuntert Unternehmen, sich um Bundeswehr-Auftr\u00e4ge zu bem\u00fchen. Rund 100 Unternehmensvertreter nahmen an einer IHK-Veranstaltung teil, um \u00fcber Chancen als Partner der Bundeswehr zu sprechen. Der Berater G\u00f6tz Witzel betonte die umfangreichen Bedarfe der Bundeswehr und warb f\u00fcr die Teilnahme am Wettbewerb um das 500 Milliarden Euro Sonderverm\u00f6gen.<\/p>\n","protected":false},"excerpt":{"rendered":"Die Industrie- und Handelskammer in Bielefeld ermuntert Unternehmen, sich um Bundeswehr-Auftr\u00e4ge zu bem\u00fchen. Rund 100 Unternehmensvertreter nahmen an&hellip;\n","protected":false},"author":2,"featured_media":380677,"comment_status":"","ping_status":"","sticky":false,"template":"","format":"standard","meta":{"footnotes":""},"categories":[1841],"tags":[1605,3364,29,30,1209],"class_list":{"0":"post-380676","1":"post","2":"type-post","3":"status-publish","4":"format-standard","5":"has-post-thumbnail","7":"category-bielefeld","8":"tag-bielefeld","9":"tag-de","10":"tag-deutschland","11":"tag-germany","12":"tag-nordrhein-westfalen"},"share_on_mastodon":{"url":"https:\/\/pubeurope.com\/@de\/115109135918379127","error":""},"_links":{"self":[{"href":"https:\/\/www.europesays.com\/de\/wp-json\/wp\/v2\/posts\/380676","targetHints":{"allow":["GET"]}}],"collection":[{"href":"https:\/\/www.europesays.com\/de\/wp-json\/wp\/v2\/posts"}],"about":[{"href":"https:\/\/www.europesays.com\/de\/wp-json\/wp\/v2\/types\/post"}],"author":[{"embeddable":true,"href":"https:\/\/www.europesays.com\/de\/wp-json\/wp\/v2\/users\/2"}],"replies":[{"embeddable":true,"href":"https:\/\/www.europesays.com\/de\/wp-json\/wp\/v2\/comments?post=380676"}],"version-history":[{"count":0,"href":"https:\/\/www.europesays.com\/de\/wp-json\/wp\/v2\/posts\/380676\/revisions"}],"wp:featuredmedia":[{"embeddable":true,"href":"https:\/\/www.europesays.com\/de\/wp-json\/wp\/v2\/media\/380677"}],"wp:attachment":[{"href":"https:\/\/www.europesays.com\/de\/wp-json\/wp\/v2\/media?parent=380676"}],"wp:term":[{"taxonomy":"category","embeddable":true,"href":"https:\/\/www.europesays.com\/de\/wp-json\/wp\/v2\/categories?post=380676"},{"taxonomy":"post_tag","embeddable":true,"href":"https:\/\/www.europesays.com\/de\/wp-json\/wp\/v2\/tags?post=380676"}],"curies":[{"name":"wp","href":"https:\/\/api.w.org\/{rel}","templated":true}]}}