{"id":380678,"date":"2025-08-29T00:06:27","date_gmt":"2025-08-29T00:06:27","guid":{"rendered":"https:\/\/www.europesays.com\/de\/380678\/"},"modified":"2025-08-29T00:06:27","modified_gmt":"2025-08-29T00:06:27","slug":"arminia-bielefeld-einspruch-gegen-lannert-sperre-und-hoffnung-auf-momuluh-rueckkehr","status":"publish","type":"post","link":"https:\/\/www.europesays.com\/de\/380678\/","title":{"rendered":"Arminia Bielefeld: Einspruch gegen Lannert-Sperre und Hoffnung auf Momuluh-R\u00fcckkehr"},"content":{"rendered":"<p>Arminia Bielefeld wird gegen die Zwei-Spiele-Sperre von Christopher Lannert nach seiner roten Karte gegen Dresden beim DFB-Sportgericht Einspruch einlegen und hofft auf eine Reduzierung der Strafe. F\u00fcr die Ausw\u00e4rtspartie am Samstag (30.08., 13:00 Uhr) bei Eintracht Braunschweig f\u00e4llt neben dem gesperrten Lannert auch der angeschlagene Noah Sarenren Bazee mit Achillessehnen-Problemen aus, und R\u00fcckkehrer Marius W\u00f6rl k\u00f6nnte in die Anfangself r\u00fccken. Zudem bem\u00fcht sich Arminia auch, Thadd\u00e4us Momuluh aus Hannover bis zum Ende der Transferfrist am 1. September zur\u00fcckzuholen.<\/p>\n","protected":false},"excerpt":{"rendered":"Arminia Bielefeld wird gegen die Zwei-Spiele-Sperre von Christopher Lannert nach seiner roten Karte gegen Dresden beim DFB-Sportgericht Einspruch&hellip;\n","protected":false},"author":2,"featured_media":380679,"comment_status":"","ping_status":"","sticky":false,"template":"","format":"standard","meta":{"footnotes":""},"categories":[1841],"tags":[1605,3364,29,30,1209],"class_list":{"0":"post-380678","1":"post","2":"type-post","3":"status-publish","4":"format-standard","5":"has-post-thumbnail","7":"category-bielefeld","8":"tag-bielefeld","9":"tag-de","10":"tag-deutschland","11":"tag-germany","12":"tag-nordrhein-westfalen"},"share_on_mastodon":{"url":"https:\/\/pubeurope.com\/@de\/115109139886594357","error":""},"_links":{"self":[{"href":"https:\/\/www.europesays.com\/de\/wp-json\/wp\/v2\/posts\/380678","targetHints":{"allow":["GET"]}}],"collection":[{"href":"https:\/\/www.europesays.com\/de\/wp-json\/wp\/v2\/posts"}],"about":[{"href":"https:\/\/www.europesays.com\/de\/wp-json\/wp\/v2\/types\/post"}],"author":[{"embeddable":true,"href":"https:\/\/www.europesays.com\/de\/wp-json\/wp\/v2\/users\/2"}],"replies":[{"embeddable":true,"href":"https:\/\/www.europesays.com\/de\/wp-json\/wp\/v2\/comments?post=380678"}],"version-history":[{"count":0,"href":"https:\/\/www.europesays.com\/de\/wp-json\/wp\/v2\/posts\/380678\/revisions"}],"wp:featuredmedia":[{"embeddable":true,"href":"https:\/\/www.europesays.com\/de\/wp-json\/wp\/v2\/media\/380679"}],"wp:attachment":[{"href":"https:\/\/www.europesays.com\/de\/wp-json\/wp\/v2\/media?parent=380678"}],"wp:term":[{"taxonomy":"category","embeddable":true,"href":"https:\/\/www.europesays.com\/de\/wp-json\/wp\/v2\/categories?post=380678"},{"taxonomy":"post_tag","embeddable":true,"href":"https:\/\/www.europesays.com\/de\/wp-json\/wp\/v2\/tags?post=380678"}],"curies":[{"name":"wp","href":"https:\/\/api.w.org\/{rel}","templated":true}]}}