{"id":380687,"date":"2025-08-29T00:12:11","date_gmt":"2025-08-29T00:12:11","guid":{"rendered":"https:\/\/www.europesays.com\/de\/380687\/"},"modified":"2025-08-29T00:12:11","modified_gmt":"2025-08-29T00:12:11","slug":"nach-ukrainischen-angriffen-russisches-oel-terminal-an-ostsee-liefert-nur-noch-halbe-menge","status":"publish","type":"post","link":"https:\/\/www.europesays.com\/de\/380687\/","title":{"rendered":"Nach ukrainischen Angriffen: Russisches \u00d6l-Terminal an Ostsee liefert nur noch halbe Menge"},"content":{"rendered":"<p>                    Nach ukrainischen Angriffen<br \/>\n                Russisches \u00d6l-Terminal an Ostsee liefert nur noch halbe Menge<\/p>\n<p>\t\t\t\t              28.08.2025, 21:03 Uhr<\/p>\n<p>\t\t\t\t\t       Artikel anh\u00f6ren<\/p>\n<p>\t\t\t\t\t\t\tDiese Audioversion wurde k\u00fcnstlich generiert. <a href=\"https:\/\/www.n-tv.de\/23249898\" rel=\"nofollow noopener\" target=\"_blank\">Mehr Infos<\/a><\/p>\n<p><strong>Ein ukrainischer Angriff auf die russische Pumpstation Unetscha unterbricht vor einer Woche die \u00d6l-Lieferungen nach Ungarn und in die Slowakei. Auch das \u00d6l-Exportterminal Ust-Luga ist davon betroffen. Es soll laut Insidern im September nur noch mit halber Kapazit\u00e4t arbeiten.<\/strong><\/p>\n<p>Das russische \u00d6l-Exportterminal Ust-Luga an der Ostsee wird Insidern zufolge im September nach ukrainischen Drohnenangriffen nur mit halber Kapazit\u00e4t arbeiten. Grund seien Sch\u00e4den an der Pipeline-Infrastruktur nach Angriffen auf die Pumpstation Unetscha in der russischen Region Brjansk, erfuhr die Nachrichtenagentur Reuters von zwei Industrievertretern. <\/p>\n<p>Die ausfallenden \u00d6lmengen sollen zu den H\u00e4fen Primorsk und Noworossijsk umgeleitet werden. Die Reparatur sei in Arbeit, ein Zeitrahmen daf\u00fcr wurde jedoch nicht genannt. Eine Stellungnahme der russischen Beh\u00f6rden oder des Pipeline-Betreibers Transneft liegt nicht vor.<\/p>\n<p>Die Energieanlage in der Stadt Unetscha hatte vor einer Woche nach einem ukrainischen Angriff Feuer gefangen. Die Ukraine habe mit Raketen und Drohnen angegriffen, der Brand sei inzwischen aber gel\u00f6scht, teilte der Gouverneur der Region, Alexander Bogomaz, am vergangenen Freitag mit. Zuvor hatte der ukrainische Kommandeur der unbemannten Systeme, Robert Browdi, erkl\u00e4rt, bei einem Angriff die \u00d6lpumpstation in Unetscha getroffen zu haben. Er teilte ein Video auf der Plattform Telegram, in dem eine Anlage mit mehreren \u00d6ltanks brannte. <\/p>\n<p>Der ungarische Au\u00dfenminister Peter Szijjarto erkl\u00e4rte auf Facebook, nach einem Angriff sei die \u00d6llieferung aus Russland nach Ungarn \u00fcber die Druschba-Pipeline gestoppt worden. &#8222;Dies ist ein weiterer Angriff auf unsere Energiesicherheit&#8220;, schrieb er. Inzwischen werden Ungarn und die Slowakei \u00fcber die Druschba-Pipeline w<a href=\"https:\/\/www.n-tv.de\/politik\/Druschba-Pipeline-liefert-wieder-Ol-nach-Ungarn-und-in-die-Slowakei-article25993718.html\" rel=\"Follow nofollow noopener\" target=\"_blank\">ieder mit russischem Roh\u00f6l versorgt<\/a>. Das teilten der ungarische \u00d6lkonzern MOL und die slowakische Regierung mit.<\/p>\n<p>Ungarn stark abh\u00e4ngig von russischem \u00d6l<\/p>\n<p>Im Gegensatz zu den meisten anderen EU-L\u00e4ndern sind die Slowakei und Ungarn weiter stark von russischem \u00d6l abh\u00e4ngig, das sie \u00fcber die Pipeline aus der Sowjetzeit beziehen. &#8222;Ich hoffe, dass der Betrieb stabil bleibt und es keine weiteren Angriffe auf die Energieinfrastruktur geben wird&#8220;, teilt die slowakische Wirtschaftsministerin Denisa Sakova auf Facebook mit. <\/p>\n<p>Die Pipeline Druschba ist ein verzweigtes System kilometerlanger Leitungen. Diese f\u00fchren durch die fr\u00fchere Sowjetunion. Wegen des russischen Krieges gegen die Ukraine beziehen Deutschland, Polen und Tschechien kein russisches \u00d6l mehr. Die Ukraine blockierte 2024 ihren Teil der Pipeline f\u00fcr Lieferungen Richtung Slowakei und Ungarn. Die beiden L\u00e4nder beziehen \u00fcber andere Teile der Pipeline weiter russisches \u00d6l. Aus Sicht der Ukraine h\u00e4lt Orban zu engen Kontakt nach Moskau und blockiert den Aufnahmeprozess der Ukraine in die EU.<\/p>\n","protected":false},"excerpt":{"rendered":"Nach ukrainischen Angriffen Russisches \u00d6l-Terminal an Ostsee liefert nur noch halbe Menge 28.08.2025, 21:03 Uhr Artikel anh\u00f6ren Diese&hellip;\n","protected":false},"author":2,"featured_media":380688,"comment_status":"","ping_status":"","sticky":false,"template":"","format":"standard","meta":{"footnotes":""},"categories":[4012],"tags":[331,332,661,627,13,14,15,16,9952,307,12,7376,317,501],"class_list":{"0":"post-380687","1":"post","2":"type-post","3":"status-publish","4":"format-standard","5":"has-post-thumbnail","7":"category-ukraine","8":"tag-aktuelle-nachrichten","9":"tag-aktuelle-news","10":"tag-angriff-auf-die-ukraine","11":"tag-energieversorgung","12":"tag-headlines","13":"tag-nachrichten","14":"tag-news","15":"tag-politik","16":"tag-rohstoff-oel","17":"tag-russland","18":"tag-schlagzeilen","19":"tag-slowakei","20":"tag-ukraine","21":"tag-ungarn"},"share_on_mastodon":{"url":"https:\/\/pubeurope.com\/@de\/115109163503324871","error":""},"_links":{"self":[{"href":"https:\/\/www.europesays.com\/de\/wp-json\/wp\/v2\/posts\/380687","targetHints":{"allow":["GET"]}}],"collection":[{"href":"https:\/\/www.europesays.com\/de\/wp-json\/wp\/v2\/posts"}],"about":[{"href":"https:\/\/www.europesays.com\/de\/wp-json\/wp\/v2\/types\/post"}],"author":[{"embeddable":true,"href":"https:\/\/www.europesays.com\/de\/wp-json\/wp\/v2\/users\/2"}],"replies":[{"embeddable":true,"href":"https:\/\/www.europesays.com\/de\/wp-json\/wp\/v2\/comments?post=380687"}],"version-history":[{"count":0,"href":"https:\/\/www.europesays.com\/de\/wp-json\/wp\/v2\/posts\/380687\/revisions"}],"wp:featuredmedia":[{"embeddable":true,"href":"https:\/\/www.europesays.com\/de\/wp-json\/wp\/v2\/media\/380688"}],"wp:attachment":[{"href":"https:\/\/www.europesays.com\/de\/wp-json\/wp\/v2\/media?parent=380687"}],"wp:term":[{"taxonomy":"category","embeddable":true,"href":"https:\/\/www.europesays.com\/de\/wp-json\/wp\/v2\/categories?post=380687"},{"taxonomy":"post_tag","embeddable":true,"href":"https:\/\/www.europesays.com\/de\/wp-json\/wp\/v2\/tags?post=380687"}],"curies":[{"name":"wp","href":"https:\/\/api.w.org\/{rel}","templated":true}]}}