{"id":380725,"date":"2025-08-29T00:39:12","date_gmt":"2025-08-29T00:39:12","guid":{"rendered":"https:\/\/www.europesays.com\/de\/380725\/"},"modified":"2025-08-29T00:39:12","modified_gmt":"2025-08-29T00:39:12","slug":"staatsanwaltschaft-prueft-fahrlaessige-toetung-nach-zugunglueck","status":"publish","type":"post","link":"https:\/\/www.europesays.com\/de\/380725\/","title":{"rendered":"Staatsanwaltschaft pr\u00fcft fahrl\u00e4ssige T\u00f6tung nach Zugungl\u00fcck"},"content":{"rendered":"<p>Nach Zugungl\u00fcck in Bremen <\/p>\n<p>Staatsanwaltschaft pr\u00fcft Verdacht der fahrl\u00e4ssigen T\u00f6tung<\/p>\n<p>29.08.2025 &#8211; 01:27 UhrLesedauer: 1 Min.<\/p>\n<p><a href=\"#focus-0\" class=\"transition-colors duration-200 focus-within:text-magenta block text-current relative\" data-sctrack=\"FocusGalleryImage.Reference\"><img fetchpriority=\"high\" data-testid=\"Opener.Image\" style=\"--lqipURL:url('https:\/\/images.t-online.de\/2025\/08\/ldwhLkEKKrh9\/0x39:800x450\/fit-in\/150x0\/filters:blur(25)\/polizei-und-feuerwehr-rueckten-nach-einem-unfall-an-einem-bahnuebergang-in-bremen-aus-fuer-den-19-jahre-alten-autofahrer-kam-jede-hilfe-zu-spaet.jpg')\"   loading=\"eager\" src=\"https:\/\/www.europesays.com\/de\/wp-content\/uploads\/2025\/08\/polizei-und-feuerwehr-rueckten-nach-einem-unfall-an-einem-bahnuebergang-in-bremen-aus-fuer-den-19-ja.jpeg\" alt=\"urn:newsml:dpa.com:20090101:250826-911-008689\" title=\"urn:newsml:dpa.com:20090101:250826-911-008689\" width=\"800\" height=\"450\" class=\"bg-[url:var(--lqipURL)] bg-cover bg-center flex h-full w-full max-w-full\" decoding=\"async\"\/><img style=\"--width:32;--height:32\" loading=\"lazy\" src=\"https:\/\/www.t-online.de\/s\/paper\/_next\/static\/media\/zoom-in.f7dae02f.svg\" alt=\"Vergr\u00f6\u00dfern des Bildes\" title=\"Vergr\u00f6\u00dfern des Bildes\" class=\"block h-[calc(var(--height)_\/_16_*_1rem)] w-[calc(var(--width)_\/_16_*_1rem)] max-w-none absolute bottom-8 right-8 rounded-4 bg-snow p-8\" decoding=\"async\"\/><\/a><\/p>\n<p>Polizei und Feuerwehr r\u00fcckten nach einem Unfall an einem Bahn\u00fcbergang in Bremen aus: F\u00fcr den 19 Jahre alten Autofahrer kam jede Hilfe zu sp\u00e4t. (Quelle: Kai Moorschlatt \/ dpa)<\/p>\n<p class=\"font-bold text-18 leading-17\">Ein Bahn\u00fcbergang, ein Auto, ein Zug \u2013 und ein Toter. Doch die Ursache wirft Fragen auf, die f\u00fcr einen Mitarbeiter der Bahn schwerwiegend sein k\u00f6nnten.<\/p>\n<p class=\"text-18 leading-17\">Nach dem t\u00f6dlichen Unfall an einem Bahn\u00fcbergang in <a class=\"transition-colors duration-200 cursor-pointer text-inherit no-underline text-salemsfur md:hover:text-magenta md:hover:border-magenta md:focus:text-magenta border-current border-b border-solid break-words\" href=\"https:\/\/www.t-online.de\/region\/bremen\/\" data-sctrack=\"BodyAnchor\" target=\"_blank\" rel=\"noopener\">Bremen<\/a> ermittelt die Staatsanwaltschaft wegen des Verdachts der fahrl\u00e4ssigen T\u00f6tung. Ein Sprecher der Beh\u00f6rde best\u00e4tigte gegen\u00fcber Radio Bremen, dass gepr\u00fcft werde, ob ein Bahnmitarbeiter f\u00fcr das Ungl\u00fcck verantwortlich ist.<\/p>\n<p class=\"text-18 leading-17\">Besonderes Augenmerk bei den Ermittlungen liegt nun auf der Schrankenanlage an dem betroffenen \u00dcbergang. Sie war wegen Bauarbeiten nicht automatisch, sondern manuell gesteuert worden. Ermittler pr\u00fcfen jetzt, ob der zust\u00e4ndige Mitarbeiter der Deutschen Bahn falsch gehandelt hat. Der Mann erlitt selbst einen Schock und musste medizinisch versorgt werden.<\/p>\n<p class=\"text-18 leading-17\">Polizei, Bundespolizei und Feuerwehr waren mit zahlreichen Einsatzkr\u00e4ften vor Ort. Unklar ist weiterhin, ob die Schranke zum Zeitpunkt des Unfalls ge\u00f6ffnet war. Die Ermittlungen dauern an.<\/p>\n","protected":false},"excerpt":{"rendered":"Nach Zugungl\u00fcck in Bremen Staatsanwaltschaft pr\u00fcft Verdacht der fahrl\u00e4ssigen T\u00f6tung 29.08.2025 &#8211; 01:27 UhrLesedauer: 1 Min. Polizei und&hellip;\n","protected":false},"author":2,"featured_media":380726,"comment_status":"","ping_status":"","sticky":false,"template":"","format":"standard","meta":{"footnotes":""},"categories":[1824],"tags":[3176,522,513,2420,3364,29,985,30,121,51978,1997,2866,1284,15984],"class_list":{"0":"post-380725","1":"post","2":"type-post","3":"status-publish","4":"format-standard","5":"has-post-thumbnail","7":"category-bremen","8":"tag-3176","9":"tag-522","10":"tag-auto","11":"tag-bremen","12":"tag-de","13":"tag-deutschland","14":"tag-feuerwehr","15":"tag-germany","16":"tag-polizei","17":"tag-radio-bremen","18":"tag-staatsanwaltschaft","19":"tag-toetung","20":"tag-unfall","21":"tag-zugunglueck"},"share_on_mastodon":{"url":"https:\/\/pubeurope.com\/@de\/115109269655999397","error":""},"_links":{"self":[{"href":"https:\/\/www.europesays.com\/de\/wp-json\/wp\/v2\/posts\/380725","targetHints":{"allow":["GET"]}}],"collection":[{"href":"https:\/\/www.europesays.com\/de\/wp-json\/wp\/v2\/posts"}],"about":[{"href":"https:\/\/www.europesays.com\/de\/wp-json\/wp\/v2\/types\/post"}],"author":[{"embeddable":true,"href":"https:\/\/www.europesays.com\/de\/wp-json\/wp\/v2\/users\/2"}],"replies":[{"embeddable":true,"href":"https:\/\/www.europesays.com\/de\/wp-json\/wp\/v2\/comments?post=380725"}],"version-history":[{"count":0,"href":"https:\/\/www.europesays.com\/de\/wp-json\/wp\/v2\/posts\/380725\/revisions"}],"wp:featuredmedia":[{"embeddable":true,"href":"https:\/\/www.europesays.com\/de\/wp-json\/wp\/v2\/media\/380726"}],"wp:attachment":[{"href":"https:\/\/www.europesays.com\/de\/wp-json\/wp\/v2\/media?parent=380725"}],"wp:term":[{"taxonomy":"category","embeddable":true,"href":"https:\/\/www.europesays.com\/de\/wp-json\/wp\/v2\/categories?post=380725"},{"taxonomy":"post_tag","embeddable":true,"href":"https:\/\/www.europesays.com\/de\/wp-json\/wp\/v2\/tags?post=380725"}],"curies":[{"name":"wp","href":"https:\/\/api.w.org\/{rel}","templated":true}]}}