{"id":380729,"date":"2025-08-29T00:41:45","date_gmt":"2025-08-29T00:41:45","guid":{"rendered":"https:\/\/www.europesays.com\/de\/380729\/"},"modified":"2025-08-29T00:41:45","modified_gmt":"2025-08-29T00:41:45","slug":"panne-vor-der-kommunalwahl-in-essen-stadt-zieht-die-reissleine","status":"publish","type":"post","link":"https:\/\/www.europesays.com\/de\/380729\/","title":{"rendered":"Panne vor der Kommunalwahl in Essen \u2013 Stadt zieht die Rei\u00dfleine"},"content":{"rendered":"\n<p>Plakate, Flyer, Wahlst\u00e4nde und Co. \u2013 vor der Kommunalwahl in NRW versuchen die Parteien \u00fcber zahlreiche Wege die Wahlberechtigten von sich zu \u00fcberzeugen. Sie haben dabei auch die M\u00f6glichkeit im Vorfeld von Wahlen an Adressen von Einwohnenden zu kommen, um Ihnen pers\u00f6nlich Post zukommen zu lassen.<\/p>\n<p>Davon haben in Essen bis Ende August drei Parteien Gebrauch gemacht. In einem Fall ist der Stadt dabei allerdings ein Fehler unterlaufen.<\/p>\n<p> Datenpanne in Essen vor Kommunalwahl in NRW <\/p>\n<p>Wie die Stadt mitteilte, hat eine Partei einen Antrag auf die Daten von zwei Alterskohorten mit zwanzig Jahrg\u00e4ngen abgefragt. Dabei handelt es sich nach Angaben des \u201e<a href=\"https:\/\/www1.wdr.de\/nachrichten\/wahlen\/kommunalwahlen-2025\/kommunalwahl-datenpanne-essen-cdu-100.html\" target=\"_blank\" rel=\"noreferrer noopener nofollow\">WDR<\/a>\u201c um die CDU. Die Partei von Essens Oberb\u00fcrgermeister Thomas Kufen habe die Adressen aller Essener zwischen 50 und 69 sowie zwischen 70 und 89 Jahren angefordert \u2013 und bekommen.<\/p>\n<p>++ <a href=\"https:\/\/www.derwesten.de\/staedte\/essen\/essen-kommunalwahl-nrw-thomas-kufen-id301767801.html\" rel=\"nofollow noopener\" target=\"_blank\">Essener OB Thomas Kufen spricht Klartext: \u201eGro\u00dfes Problem mit Thema Messer\u201c<\/a> ++<\/p>\n<p>Erst danach sei der Stadt nach eigenen Angaben aufgefallen, dass man damit gegen das Meldegesetz NRW versto\u00dfen hatte. Darin hei\u00dft es: \u201eDie Melderegisterauskunft [\u2026] ist auf zwei Gruppen zu beschr\u00e4nken, die ihrerseits nicht mehr als zehn Geburtsjahrg\u00e4nge umfassen d\u00fcrfen.\u201c Die CDU h\u00e4tte also statt 40 Jahrg\u00e4ngen nur halb so viele bekommen d\u00fcrfen.<\/p>\n<p>++ <a href=\"https:\/\/www.derwesten.de\/staedte\/essen\/kommunalwahl-nrw-stadt-essen-oberbuergermeister-kandidaten-id301671612.html\" rel=\"nofollow noopener\" target=\"_blank\">Kommunalwahl in NRW r\u00fcckt n\u00e4her: Das sind die OB-Kandidaten in Essen<\/a> ++<\/p>\n<p> Stadt Essen zieht Konsequenzen <\/p>\n<p>\u201eDie \u00dcbersendung der Daten ist grunds\u00e4tzlich rechtlich erlaubt, allein die Anzahl der \u00fcbermittelten Datens\u00e4tze war zu hoch\u201c, stellt die Stadt klar. Als der Fehler aufgefallen war, sei er umgehend der unabh\u00e4ngigen Datenschutzbeauftragten der Stadt Essen gemeldet worden. Diese habe den Fauxpas als nicht-meldepflichtigen Versto\u00df gewertet. <\/p>\n<p>Mehr Themen:<\/p>\n<p>Die CDU sei aufgefordert worden, die Daten zu l\u00f6schen. Das habe die Partei auch gemacht und anschlie\u00dfend eine neue Anfrage gestellt. Die Stadt Essen versichert, dass \u201edurch zus\u00e4tzliche verwaltungsinterne organisatorische Ma\u00dfnahmen, unter anderem ein Vier-Augen-Prinzip, ein solcher Fehler in der Rechtsanwendung k\u00fcnftig ausgeschlossen wird.\u201c<\/p>\n<p>Du hast noch nicht entschieden, wen du bei der Kommunalwahl in NRW w\u00e4hlen m\u00f6chtest? Dann kann dir als Entscheidungshilfe das Kommunalwahl-Navi helfen, das die Uni Duisburg-Essen extra f\u00fcr Essen eingerichtet hat:<\/p>\n<p>  \t\t\t            Display content from app.voto.vote                            \t\t\t\t\t<\/p>\n<p class=\"fd-embed-privacy-content-line1\">An dieser Stelle befindet sich ein externer Inhalt von app.voto.vote der von unserer Redaktion empfohlen wird. Er erg\u00e4nzt den Artikel und kann mit einem Klick angezeigt und wieder ausgeblendet werden.<\/p>\n<p class=\"fd-embed-privacy-content-line2\">Ich bin damit einverstanden, dass mir dieser externe Inhalt angezeigt wird. Es k\u00f6nnen dabei personenbezogene Daten an den Anbieter des Inhalts und Drittdienste \u00fcbermittelt werden.<\/p>\n","protected":false},"excerpt":{"rendered":"Plakate, Flyer, Wahlst\u00e4nde und Co. \u2013 vor der Kommunalwahl in NRW versuchen die Parteien \u00fcber zahlreiche Wege die&hellip;\n","protected":false},"author":2,"featured_media":380730,"comment_status":"","ping_status":"","sticky":false,"template":"","format":"standard","meta":{"footnotes":""},"categories":[1834],"tags":[3364,29,3688,30,92364,1209],"class_list":{"0":"post-380729","1":"post","2":"type-post","3":"status-publish","4":"format-standard","5":"has-post-thumbnail","7":"category-essen","8":"tag-de","9":"tag-deutschland","10":"tag-essen","11":"tag-germany","12":"tag-kommunalwahl-in-nrw","13":"tag-nordrhein-westfalen"},"share_on_mastodon":{"url":"https:\/\/pubeurope.com\/@de\/115109277479554041","error":""},"_links":{"self":[{"href":"https:\/\/www.europesays.com\/de\/wp-json\/wp\/v2\/posts\/380729","targetHints":{"allow":["GET"]}}],"collection":[{"href":"https:\/\/www.europesays.com\/de\/wp-json\/wp\/v2\/posts"}],"about":[{"href":"https:\/\/www.europesays.com\/de\/wp-json\/wp\/v2\/types\/post"}],"author":[{"embeddable":true,"href":"https:\/\/www.europesays.com\/de\/wp-json\/wp\/v2\/users\/2"}],"replies":[{"embeddable":true,"href":"https:\/\/www.europesays.com\/de\/wp-json\/wp\/v2\/comments?post=380729"}],"version-history":[{"count":0,"href":"https:\/\/www.europesays.com\/de\/wp-json\/wp\/v2\/posts\/380729\/revisions"}],"wp:featuredmedia":[{"embeddable":true,"href":"https:\/\/www.europesays.com\/de\/wp-json\/wp\/v2\/media\/380730"}],"wp:attachment":[{"href":"https:\/\/www.europesays.com\/de\/wp-json\/wp\/v2\/media?parent=380729"}],"wp:term":[{"taxonomy":"category","embeddable":true,"href":"https:\/\/www.europesays.com\/de\/wp-json\/wp\/v2\/categories?post=380729"},{"taxonomy":"post_tag","embeddable":true,"href":"https:\/\/www.europesays.com\/de\/wp-json\/wp\/v2\/tags?post=380729"}],"curies":[{"name":"wp","href":"https:\/\/api.w.org\/{rel}","templated":true}]}}