{"id":380743,"date":"2025-08-29T00:48:11","date_gmt":"2025-08-29T00:48:11","guid":{"rendered":"https:\/\/www.europesays.com\/de\/380743\/"},"modified":"2025-08-29T00:48:11","modified_gmt":"2025-08-29T00:48:11","slug":"ettlinger-angeklagter-auf-freiem-fuss","status":"publish","type":"post","link":"https:\/\/www.europesays.com\/de\/380743\/","title":{"rendered":"Ettlinger Angeklagter auf freiem Fu\u00df"},"content":{"rendered":"<p class=\"intro\">\n  Der historische Prozess in Stuttgart um die Reu\u00df-Gruppe und ihre mutma\u00dflichen Umsturzpl\u00e4ne wird bald fortgesetzt. Warum derweil der Haftbefehl f\u00fcr den Ettlinger Angeklagten Wolfram S. ausgesetzt worden ist.\n<\/p>\n<p>    <img fetchpriority=\"high\" decoding=\"async\" class=\"\" alt=\"Ein Angeklagter wird in Stuttgart-Stammheim beim Beginn eines Prozesses um Reichsb\u00fcrger von zwei Beamten in den Gerichtssaal gef\u00fchrt.\" src=\"https:\/\/bnn.de\/img\/13159316\/Qnt8Fzk_FbZISfUx_AB4TQ\/461504398?size=1920&amp;format=jpeg&amp;variant=LANDSCAPE_16x9\" width=\"1920\" height=\"1080\" loading=\"eager\" data-upscaled=\"\"\/><\/p>\n<p>                Wolfram S. aus Ettlingen (Archivbild) war mutma\u00dflich Mitglied der Reichsb\u00fcrger-Gruppe und muss sich mit weiteren Angeklagten vor dem Oberlandesgericht in Stuttgart-Stammheim verantworten.<\/p>\n<p>            Foto: Bernd Wei\u00dfbrod\/dpa<\/p>\n<p>            vor 8 Stunden<\/p>\n<p>        3 Minuten<\/p>\n<p>            vor 8 Stunden<\/p>\n<p>Weiterlesen mit<\/p>\n<p>\n    Monatsabo\n  <\/p>\n<ul class=\"check-list--paywall check-list\">\n<li>9,90 \u20ac ab dem zweiten Monat<\/li>\n<li>Monatlich k\u00fcndbar<\/li>\n<li>Zugang zu allen BNN+ Artikeln<\/li>\n<\/ul>\n<p>        <a class=\"button--full button--offer button button--primary\" href=\"https:\/\/service.bnn.de\/kasse?add-to-cart=678029&amp;paywall_origin_url=https%3A%2F%2Fbnn.de%2Fnachrichten%2Fpolitik%2Fterror-prozess-um-reuss-gruppe-in-stuttgart-ettlinger-angeklagter-auf-freiem-fuss\" _keys=\"class href\" rel=\"nofollow noopener\" target=\"_blank\">Monatsabo abschlie\u00dfen<\/a><\/p>\n<p>\n    Jahrespass\n  <\/p>\n<ul class=\"check-list--paywall check-list\">\n<li>2 Monate geschenkt<\/li>\n<li>Endet automatisch nach einem Jahr<\/li>\n<li>Zugang zu allen BNN+ Artikeln<\/li>\n<\/ul>\n<p>        <a class=\"button--full button--offer button button--primary\" href=\"https:\/\/service.bnn.de\/kasse?add-to-cart=659683&amp;paywall_origin_url=https%3A%2F%2Fbnn.de%2Fnachrichten%2Fpolitik%2Fterror-prozess-um-reuss-gruppe-in-stuttgart-ettlinger-angeklagter-auf-freiem-fuss\" _keys=\"class href\" rel=\"nofollow noopener\" target=\"_blank\">Jahrespass abschlie\u00dfen<\/a><\/p>\n","protected":false},"excerpt":{"rendered":"Der historische Prozess in Stuttgart um die Reu\u00df-Gruppe und ihre mutma\u00dflichen Umsturzpl\u00e4ne wird bald fortgesetzt. Warum derweil der&hellip;\n","protected":false},"author":2,"featured_media":380744,"comment_status":"","ping_status":"","sticky":false,"template":"","format":"standard","meta":{"footnotes":""},"categories":[1830],"tags":[1634,3364,29,30,1441],"class_list":{"0":"post-380743","1":"post","2":"type-post","3":"status-publish","4":"format-standard","5":"has-post-thumbnail","7":"category-stuttgart","8":"tag-baden-wuerttemberg","9":"tag-de","10":"tag-deutschland","11":"tag-germany","12":"tag-stuttgart"},"share_on_mastodon":{"url":"https:\/\/pubeurope.com\/@de\/115109305090112027","error":""},"_links":{"self":[{"href":"https:\/\/www.europesays.com\/de\/wp-json\/wp\/v2\/posts\/380743","targetHints":{"allow":["GET"]}}],"collection":[{"href":"https:\/\/www.europesays.com\/de\/wp-json\/wp\/v2\/posts"}],"about":[{"href":"https:\/\/www.europesays.com\/de\/wp-json\/wp\/v2\/types\/post"}],"author":[{"embeddable":true,"href":"https:\/\/www.europesays.com\/de\/wp-json\/wp\/v2\/users\/2"}],"replies":[{"embeddable":true,"href":"https:\/\/www.europesays.com\/de\/wp-json\/wp\/v2\/comments?post=380743"}],"version-history":[{"count":0,"href":"https:\/\/www.europesays.com\/de\/wp-json\/wp\/v2\/posts\/380743\/revisions"}],"wp:featuredmedia":[{"embeddable":true,"href":"https:\/\/www.europesays.com\/de\/wp-json\/wp\/v2\/media\/380744"}],"wp:attachment":[{"href":"https:\/\/www.europesays.com\/de\/wp-json\/wp\/v2\/media?parent=380743"}],"wp:term":[{"taxonomy":"category","embeddable":true,"href":"https:\/\/www.europesays.com\/de\/wp-json\/wp\/v2\/categories?post=380743"},{"taxonomy":"post_tag","embeddable":true,"href":"https:\/\/www.europesays.com\/de\/wp-json\/wp\/v2\/tags?post=380743"}],"curies":[{"name":"wp","href":"https:\/\/api.w.org\/{rel}","templated":true}]}}