{"id":380746,"date":"2025-08-29T00:50:12","date_gmt":"2025-08-29T00:50:12","guid":{"rendered":"https:\/\/www.europesays.com\/de\/380746\/"},"modified":"2025-08-29T00:50:12","modified_gmt":"2025-08-29T00:50:12","slug":"raser-deutlich-zu-schnell-erwischt-ihnen-droht-jetzt-saftiges-bussgeld","status":"publish","type":"post","link":"https:\/\/www.europesays.com\/de\/380746\/","title":{"rendered":"Raser deutlich zu schnell erwischt \u2013 ihnen droht jetzt saftiges Bu\u00dfgeld"},"content":{"rendered":"<ol class=\"id-DonaldBreadcrumb lp_west_breadcrumb id-DonaldBreadcrumb--default\" data-k5a-pos=\"west_breadcrumb\">\n<li class=\"id-Breadcrumb-item\"><a href=\"https:\/\/www.op-online.de\/\" class=\"id-Breadcrumb-link\" data-id-ec=\"{\" shn=\"\" textlink=\"\" data-k5a-pos=\"1_startseite\" rel=\"nofollow noopener\" target=\"_blank\">Startseite<\/a><\/li>\n<li class=\"id-Breadcrumb-item\"><a href=\"https:\/\/www.op-online.de\/offenbach\/\" class=\"id-Breadcrumb-link\" data-id-ec=\"{\" shn=\"\" textlink=\"\" data-k5a-pos=\"2_offenbach\" rel=\"nofollow noopener\" target=\"_blank\">Offenbach<\/a><\/li>\n<\/ol>\n<p class=\"id-Story-timestamp id-Story-timestamp--default\">Stand: 28.08.2025, 18:00 Uhr<\/p>\n<p class=\"id-Story-authors id-Story-authors--default\">Von: <a class=\"id-Story-authors-link lp_west_author\" href=\"https:\/\/www.op-online.de\/autor\/christoph-sahler-jg7mz675w.html\" title=\"Zur Autorenseite von Christoph Sahler\" data-id-ec=\"{\" shn=\"\" author-link=\"\" sahler=\"\" data-k5a-pos=\"west_author\" rel=\"nofollow noopener\" target=\"_blank\">Christoph Sahler<\/a><\/p>\n<p class=\"id-Story-interactionBar id-Story-interactionBar--default\">DruckenTeilen<\/p>\n<p class=\"id-StoryElement-leadText\">Rund 2.400 Fahrzeuge wurden auf der B448 kontrolliert. Drei Fahrer waren mit \u00fcber 130 km\/h unterwegs. Sie m\u00fcssen mit Fahrverboten rechnen.<\/p>\n<p class=\"id-StoryElement-paragraph\">Offenbach \u2013 Am Mittwochmorgen (27. August) f\u00fchrten Beamte der Verkehrs\u00fcberwachung des Polizeipr\u00e4sidiums S\u00fcdosthessen gemeinsam mit Kr\u00e4ften des Hessischen Polizeipr\u00e4sidiums Einsatz eine Verkehrskontrolle am Ausbauende der Bundesstra\u00dfe 448 in Richtung <a href=\"https:\/\/www.op-online.de\/offenbach\/\" target=\"_blank\" class=\"id-import-Link\" data-id-ec=\"{&quot;sht&quot;:&quot;Container&quot;,&quot;shn&quot;:&quot;Story&quot;,&quot;p&quot;:{&quot;containerType&quot;:&quot;Paragraph&quot;,&quot;displayType&quot;:&quot;Paragraph InlineLink&quot;,&quot;type&quot;:&quot;INLINE_LINK&quot;,&quot;value&quot;:&quot;Offenbach&quot;,&quot;variant&quot;:&quot;standardLink&quot;,&quot;sponsored&quot;:false,&quot;linkHref&quot;:&quot;https:\/\/www.op-online.de\/offenbach\/&quot;,&quot;storyElementPosition&quot;:8,&quot;storyElementCount&quot;:14}}\" rel=\"nofollow noopener\">Offenbach<\/a> durch.<\/p>\n<p><img decoding=\"async\" class=\"id-RatioPlaceholder-element wv_story_el_image\" src=\"https:\/\/www.europesays.com\/de\/wp-content\/uploads\/2025\/08\/39403680-polizei-symbolbild-2qfe.jpg\" loading=\"lazy\"   height=\"619\" width=\"1100\" alt=\"Polizei Symbolbild\"\/>Polizisten kontrollierten den Stra\u00dfenverkehr in Offenbach. (Symbolbild) \u00a9\u00a0Marijan Murat\/dpa<\/p>\n<p class=\"id-StoryElement-paragraph\">Dabei \u00fcberwachten sie die Einhaltung der zul\u00e4ssigen Geschwindigkeit und \u00fcberpr\u00fcften rund 2.400 Fahrzeuge. Insgesamt wurden 96 Geschwindigkeitsverst\u00f6\u00dfe festgestellt. Die meisten dieser Verst\u00f6\u00dfe wurden elektronisch direkt an die Bu\u00dfgeldstelle weitergeleitet.<\/p>\n<p class=\"id-StoryElement-paragraph\">Besonders auff\u00e4llig waren drei Fahrzeugf\u00fchrer, die bei einer erlaubten H\u00f6chstgeschwindigkeit von 80 km\/h mit \u00fcber 130 km\/h gemessen wurden. Diese Fahrer m\u00fcssen mit einem Bu\u00dfgeld von 480 Euro, zwei Punkten in Flensburg und einem Monat Fahrverbot rechnen. Trotz dieser Verst\u00f6\u00dfe hielt sich der Gro\u00dfteil der Verkehrsteilnehmer an das vorgegebene Tempolimit. (csa\/pm)<\/p>\n<p class=\"id-StoryElement-paragraph\">Ein <a href=\"https:\/\/www.op-online.de\/offenbach\/fest-streit-um-parkluecke-eskaliert-offenbacher-polizei-nimmt-drei-personen-93903590.html\" class=\"id-import-Link\" data-id-ec=\"{&quot;sht&quot;:&quot;Container&quot;,&quot;shn&quot;:&quot;Story&quot;,&quot;p&quot;:{&quot;containerType&quot;:&quot;Paragraph&quot;,&quot;displayType&quot;:&quot;Paragraph InlineLink&quot;,&quot;type&quot;:&quot;INLINE_LINK&quot;,&quot;value&quot;:&quot;Streit um eine Parkl&#xFC;cke in Offenbach&quot;,&quot;variant&quot;:&quot;standardLink&quot;,&quot;sponsored&quot;:false,&quot;linkHref&quot;:&quot;https:\/\/www.op-online.de\/offenbach\/fest-streit-um-parkluecke-eskaliert-offenbacher-polizei-nimmt-drei-personen-93903590.html&quot;,&quot;storyElementPosition&quot;:14,&quot;storyElementCount&quot;:14}}\" rel=\"nofollow noopener\" target=\"_blank\">Streit um eine Parkl\u00fccke in Offenbach<\/a> eskaliert. Ein Mann wird dabei verletzt. Die Polizei nimmt drei Verd\u00e4chtige fest.<\/p>\n","protected":false},"excerpt":{"rendered":"Startseite Offenbach Stand: 28.08.2025, 18:00 Uhr Von: Christoph Sahler DruckenTeilen Rund 2.400 Fahrzeuge wurden auf der B448 kontrolliert.&hellip;\n","protected":false},"author":2,"featured_media":380747,"comment_status":"","ping_status":"","sticky":false,"template":"","format":"standard","meta":{"footnotes":""},"categories":[1829],"tags":[29,2050,2051,30,2052],"class_list":{"0":"post-380746","1":"post","2":"type-post","3":"status-publish","4":"format-standard","5":"has-post-thumbnail","7":"category-frankfurt-am-main","8":"tag-deutschland","9":"tag-frankfurt","10":"tag-frankfurt-am-main","11":"tag-germany","12":"tag-hessen"},"share_on_mastodon":{"url":"https:\/\/pubeurope.com\/@de\/115109312807346027","error":""},"_links":{"self":[{"href":"https:\/\/www.europesays.com\/de\/wp-json\/wp\/v2\/posts\/380746","targetHints":{"allow":["GET"]}}],"collection":[{"href":"https:\/\/www.europesays.com\/de\/wp-json\/wp\/v2\/posts"}],"about":[{"href":"https:\/\/www.europesays.com\/de\/wp-json\/wp\/v2\/types\/post"}],"author":[{"embeddable":true,"href":"https:\/\/www.europesays.com\/de\/wp-json\/wp\/v2\/users\/2"}],"replies":[{"embeddable":true,"href":"https:\/\/www.europesays.com\/de\/wp-json\/wp\/v2\/comments?post=380746"}],"version-history":[{"count":0,"href":"https:\/\/www.europesays.com\/de\/wp-json\/wp\/v2\/posts\/380746\/revisions"}],"wp:featuredmedia":[{"embeddable":true,"href":"https:\/\/www.europesays.com\/de\/wp-json\/wp\/v2\/media\/380747"}],"wp:attachment":[{"href":"https:\/\/www.europesays.com\/de\/wp-json\/wp\/v2\/media?parent=380746"}],"wp:term":[{"taxonomy":"category","embeddable":true,"href":"https:\/\/www.europesays.com\/de\/wp-json\/wp\/v2\/categories?post=380746"},{"taxonomy":"post_tag","embeddable":true,"href":"https:\/\/www.europesays.com\/de\/wp-json\/wp\/v2\/tags?post=380746"}],"curies":[{"name":"wp","href":"https:\/\/api.w.org\/{rel}","templated":true}]}}