{"id":380748,"date":"2025-08-29T00:51:12","date_gmt":"2025-08-29T00:51:12","guid":{"rendered":"https:\/\/www.europesays.com\/de\/380748\/"},"modified":"2025-08-29T00:51:12","modified_gmt":"2025-08-29T00:51:12","slug":"neuer-wolf-nun-im-lahn-dill-kreis-heimisch-aktuelle-nachrichten-aus-frankfurt-hessen","status":"publish","type":"post","link":"https:\/\/www.europesays.com\/de\/380748\/","title":{"rendered":"Neuer Wolf nun im Lahn-Dill-Kreis heimisch: Aktuelle Nachrichten aus Frankfurt &#038; Hessen"},"content":{"rendered":"<p><strong>Frankfurt\/Wiesbaden. Bei der Auswertung von \u00dcberwachungskameras setzt Hessen neuerdings K\u00fcnstliche Intelligenz (KI) ein. Innenminister Roman Poseck (CDU) sieht die neue Technologie als \u201ewichtigen Meilenstein\u201c in der Polizeiarbeit. \u201eMir ist es wichtig, dass wir aktuellen Sicherheitsbed\u00fcrfnissen Rechnung tragen und mit der Zeit gehen\u201c, sagte der Minister bei der Vorstellung des Pilotprojekts in Frankfurt.\u00a0<br \/><\/strong><\/p>\n<p>Hessen hat als erstes Bundesland die Grundlagen f\u00fcr den Einsatz von KI in der Polizeiarbeit geschaffen. Das ist Teil einer Novelle des hessischen Polizeirechts, die am 2. Februar in Kraft trat. Seit 10. Juli wird KI bei Videoanlagen probeweise im Frankfurter Bahnhofsviertel eingesetzt. \u201eHessen ist bundesweit Vorreiter\u201c, sagte Poseck. \u201eDie hessische Polizei leistet damit Pionierarbeit.\u201c\u00a0<\/p>\n<p>Der Einsatz von KI bei der \u00dcberwachung des \u00f6ffentlichen Raums ist eng umrissen, wie Poseck erl\u00e4uterte: \u00d6rtlich ist er auf das Bahnhofsviertel beschr\u00e4nkt, wo 50 Kameras fest installiert sind. Inhaltlich wird KI derzeit nur eingesetzt bei der Suche nach Vermissten oder terroristischen Gef\u00e4hrdern. F\u00fcr jede Suche muss ein richterlicher Beschluss vorliegen.<\/p>\n<p>Die Gewerkschaft der Polizei findet eine KI-gest\u00fctzte \u00dcberwachung im Frankfurter Bahnhofsviertel \u201efolgerichtig und notwendig\u201c. Der Kriminalit\u00e4tshotspot werde damit sicherer gemacht.\u00a0<\/p>\n<p>Die Gr\u00fcnen-Fraktion klagt vor dem Staatsgerichtshof in Wiesbaden gegen das von Schwarz-Rot beschlossene sogenannte Sicherheitspaket in Hessen, zu dem auch das KI-Videoschutz-Projekt in Frankfurt geh\u00f6rt. (dpa)<\/p>\n","protected":false},"excerpt":{"rendered":"Frankfurt\/Wiesbaden. Bei der Auswertung von \u00dcberwachungskameras setzt Hessen neuerdings K\u00fcnstliche Intelligenz (KI) ein. Innenminister Roman Poseck (CDU) sieht&hellip;\n","protected":false},"author":2,"featured_media":380749,"comment_status":"","ping_status":"","sticky":false,"template":"","format":"standard","meta":{"footnotes":""},"categories":[1829],"tags":[29,2050,2051,30,2052],"class_list":{"0":"post-380748","1":"post","2":"type-post","3":"status-publish","4":"format-standard","5":"has-post-thumbnail","7":"category-frankfurt-am-main","8":"tag-deutschland","9":"tag-frankfurt","10":"tag-frankfurt-am-main","11":"tag-germany","12":"tag-hessen"},"share_on_mastodon":{"url":"https:\/\/pubeurope.com\/@de\/115109316865907859","error":""},"_links":{"self":[{"href":"https:\/\/www.europesays.com\/de\/wp-json\/wp\/v2\/posts\/380748","targetHints":{"allow":["GET"]}}],"collection":[{"href":"https:\/\/www.europesays.com\/de\/wp-json\/wp\/v2\/posts"}],"about":[{"href":"https:\/\/www.europesays.com\/de\/wp-json\/wp\/v2\/types\/post"}],"author":[{"embeddable":true,"href":"https:\/\/www.europesays.com\/de\/wp-json\/wp\/v2\/users\/2"}],"replies":[{"embeddable":true,"href":"https:\/\/www.europesays.com\/de\/wp-json\/wp\/v2\/comments?post=380748"}],"version-history":[{"count":0,"href":"https:\/\/www.europesays.com\/de\/wp-json\/wp\/v2\/posts\/380748\/revisions"}],"wp:featuredmedia":[{"embeddable":true,"href":"https:\/\/www.europesays.com\/de\/wp-json\/wp\/v2\/media\/380749"}],"wp:attachment":[{"href":"https:\/\/www.europesays.com\/de\/wp-json\/wp\/v2\/media?parent=380748"}],"wp:term":[{"taxonomy":"category","embeddable":true,"href":"https:\/\/www.europesays.com\/de\/wp-json\/wp\/v2\/categories?post=380748"},{"taxonomy":"post_tag","embeddable":true,"href":"https:\/\/www.europesays.com\/de\/wp-json\/wp\/v2\/tags?post=380748"}],"curies":[{"name":"wp","href":"https:\/\/api.w.org\/{rel}","templated":true}]}}