{"id":380750,"date":"2025-08-29T00:52:12","date_gmt":"2025-08-29T00:52:12","guid":{"rendered":"https:\/\/www.europesays.com\/de\/380750\/"},"modified":"2025-08-29T00:52:12","modified_gmt":"2025-08-29T00:52:12","slug":"neuehrenfeld-zwischennutzung-des-liebig-gelaendes-koelner-stadt-anzeiger","status":"publish","type":"post","link":"https:\/\/www.europesays.com\/de\/380750\/","title":{"rendered":"Neuehrenfeld: Zwischennutzung des Liebig-Gel\u00e4ndes | K\u00f6lner Stadt-Anzeiger"},"content":{"rendered":"<p class=\"dm-paragraph my-8 dm-article-content-width\" index=\"0\" should-collapse-on-mobile=\"true\" has-padding=\"\" data-v-586984a4=\"\">Auf dem Gel\u00e4nde des fr\u00fcheren Toyota-Autohauses an der Liebigstra\u00dfe in Neuehrenfeld tut sich wieder etwas. Von Freitag bis Sonntag fand auf der von Bauz\u00e4unen umgebenen Brache ein Streetfood-Festival statt. Aufgebaut waren Imbisswagen mit internationalen Spezialit\u00e4ten, Getr\u00e4nkest\u00e4nde, Festzeltgarnituren und eine H\u00fcpfburg, und auf einer Fl\u00e4che mit aufgesch\u00fcttetem Sand konnte man es sich in Liegest\u00fchlen bequem machen. An einer Seite stand eine B\u00fchne, auf der DJs, Musiker und Musikerinnen agierten.<\/p>\n<p class=\"dm-paragraph my-8 dm-article-content-width\" index=\"1\" should-collapse-on-mobile=\"true\" has-padding=\"\" data-v-586984a4=\"\">Das Festival war der Auftakt eines Projekts, mit dem die D\u00fcsseldorfer Agentur \u201eRaum &amp; Rummel\u201c das etwa 5000-Quadratmeter-Areal an der Ecke Liebigstra\u00dfe\/Pettenkoferstra\u00dfe in den n\u00e4chsten zwei bis f\u00fcnf Jahren beleben will. Mit der Organisation der Zwischennutzung beauftragte sie die Bouwfonds Immobilienentwicklung (BPD), die das Grundst\u00fcck 2019 erworben hat.<\/p>\n<p>Auf dem Gel\u00e4nde sollen etwa 70 Mietwohnungen entstehen<\/p>\n<p class=\"dm-paragraph my-8 dm-article-content-width\" index=\"3\" should-collapse-on-mobile=\"true\" has-padding=\"\" data-v-586984a4=\"\">Bis zum Herbst 2021 konnte der gemeinn\u00fctzige Verein \u201eKlug \u2013 K\u00f6ln\u201c die R\u00e4ume des ehemaligen Autohauses, das in \u201eWandelwerk\u201c umgetauft war, f\u00fcr Nachbarschaftsveranstaltungen und Kulturarbeit nutzen. Dann wurde das Geb\u00e4ude abgerissen; seitdem tat sich nichts mehr auf dem \u00fcberwiegend asphaltierten, zum Teil mit Schotter bedeckten Gel\u00e4nde. BDP will dort das Neubauprojekt \u201eEhre &amp; Liebig\u201c realisieren.<\/p>\n<p><img decoding=\"async\" width=\"3977\" height=\"2679\" alt=\"Das Liebig-Gel\u00e4nde in Ehrenfeld.\" loading=\"lazy\" onerror=\"this.setAttribute('data-error', 1)\" class=\"current-image dm-figure__image dm-figure__image--undefined undefined\" data-nuxt-pic=\"\" src=\"https:\/\/www.europesays.com\/de\/wp-content\/uploads\/2025\/08\/eb331518-bfe4-4dca-b27c-8c780be9c066.jpeg\"  \/><\/p>\n<p class=\"dm-figure__subline\" data-v-72e429ff=\"\">Das Liebig-Gel\u00e4nde in Neuehrenfeld.<\/p>\n<p class=\"dm-figure__copyright\" data-v-72e429ff=\"\">Copyright: Alexander Schwaiger<\/p>\n<p class=\"dm-paragraph my-8 dm-article-content-width\" index=\"5\" should-collapse-on-mobile=\"true\" has-padding=\"\" data-v-586984a4=\"\">Entlang der Liebigstra\u00dfe sollen unter anderem circa 70 frei finanzierte und gef\u00f6rderte Mietwohnungen, ein B\u00fcrohaus, Einzelhandelsfl\u00e4chen und eine Kindertagesst\u00e4tte entstehen und an der Pettenkoferstra\u00dfe etwa 67 Eigentumswohnungen. F\u00fcr den dahinterliegenden Innenhof zur W\u00f6rthstra\u00dfe hin sieht der Plan den Bau von rund 35 Stadth\u00e4usern vor.<\/p>\n<p>Noch kein Termin f\u00fcr Baubeginn<\/p>\n<p class=\"dm-paragraph my-8 dm-article-content-width\" index=\"7\" should-collapse-on-mobile=\"true\" has-padding=\"\" data-v-586984a4=\"\">Urspr\u00fcnglich hie\u00df es, das neue Quartier werde voraussichtlich 2024 fertiggestellt. Im November 2023 teilte BPD mit, \u201eEhre &amp; Liebig\u201c sei \u201emittlerweile baugenehmigt sowie in der Planung weit fortgeschritten\u201c. Doch wann den Bau beginnt, ist immer noch ungewiss. In einer an Abonnenten des BPD-Newsletters gerichteten Einladung zum Streetfood-Festival ist von einer \u201eenergetischen Umplanung\u201c die Rede.<\/p>\n<p class=\"dm-paragraph my-8 dm-article-content-width\" index=\"8\" should-collapse-on-mobile=\"true\" has-padding=\"\" data-v-586984a4=\"\">W\u00e4hrend diese weiter \u201evorangetrieben\u201c werde, wolle man \u201edie Zeit bis zum Vertriebsstart der Eigentumswohnungen und Stadth\u00e4user sinnvoll nutzen\u201c, indem man das Areal \u201ef\u00fcr die Nachbarschaft und alle Interessierten\u201c \u00f6ffne. In enger Abstimmung mit der Stadt K\u00f6ln habe man daf\u00fcr \u201eRaum &amp; Rummel\u201c als Partner gewonnen.<\/p>\n<p>Im September ist ein Nachtflohmarkt auf dem Gel\u00e4nde geplant<\/p>\n<p class=\"dm-paragraph my-8 dm-article-content-width\" index=\"10\" should-collapse-on-mobile=\"true\" has-padding=\"\" data-v-586984a4=\"\">Die Agentur ist nach eigener Darstellung \u201etreibende Kraft, wenn es darum geht, ungenutzte urbane R\u00e4ume kreativ zu beleben\u201c. So hat sie eine alte Schraubenfabrik in D\u00fcsseldorf-Bilk in ein Kulturzentrum umgewandelt und  auf dem ehemaligen G\u00fcterbahnhofgel\u00e4nde in Ehrenfeld jahrelang Nachtflohm\u00e4rkte organisiert. Einen so solchen Markt soll es am 20. September auch auf dem Liebig-Gel\u00e4nde geben. Weiteres sei noch nicht konkret geplant, sagt Florian Liss, Gesch\u00e4ftsf\u00fchrer von \u201eRaum &amp; Rummel\u201c.<\/p>\n<p><a href=\"https:\/\/www.ksta.de\/koeln\/ehrenfeld\/neuehrenfeld\/koeln-stadt-praesentiert-plaene-fuer-liebigquartier-skepsis-bei-buergern-764688\" class=\"dm-imagefeat__imagecontainer dm-imagefeat relative\" aria-label=\"\" tabindex=\"-1\" data-v-d81621e6=\"\" rel=\"nofollow noopener\" target=\"_blank\"><img decoding=\"async\" width=\"4000\" height=\"2667\" alt=\"Odonien bleibt erhalten (Dino am Eingang), die Gro\u00dfbordelle an der Hornstra\u00dfe wohl ebenfalls\" loading=\"lazy\" onerror=\"this.setAttribute('data-error', 1)\" class=\"dm-imagefeat__image w-full aspect-square sm:aspect-auto aspect-video\" style=\"aspect-ratio:1;\" data-nuxt-pic=\"\" src=\"https:\/\/www.europesays.com\/de\/wp-content\/uploads\/2025\/08\/103e0694-f473-46ac-bf10-0b3784ec67a3.jpeg\"  \/><\/a><\/p>\n<p class=\"dm-paragraph my-8 dm-article-content-width\" index=\"12\" should-collapse-on-mobile=\"true\" has-padding=\"\" data-v-586984a4=\"\">Voraussichtlich im Fr\u00fchling werde es weitergehen, eine Veranstaltung im Winter sei aber nicht ausgeschlossen. Vieles h\u00e4lt die Agentur f\u00fcr m\u00f6glich, von Sport-Events, Tanzformaten, Design- und Wochenm\u00e4rkten \u00fcber Weinfeste und Open-Air-Konzerte bis hin zu Kinoabenden, Tauschb\u00f6rsen und Performances. Ein grobes Konzept bilde den Rahmen, so Liss, alles Weitere ergebe sich im Prozess. Dabei sollten sich die Anwohner und Anwohnerinnen wohlf\u00fchlen mit dem, was auf dem Gel\u00e4nde in der Zeit der Zwischennutzung geschieht, au\u00dferdem k\u00f6nnten sie sich selber einbringen.<\/p>\n","protected":false},"excerpt":{"rendered":"Auf dem Gel\u00e4nde des fr\u00fcheren Toyota-Autohauses an der Liebigstra\u00dfe in Neuehrenfeld tut sich wieder etwas. Von Freitag bis&hellip;\n","protected":false},"author":2,"featured_media":380751,"comment_status":"","ping_status":"","sticky":false,"template":"","format":"standard","meta":{"footnotes":""},"categories":[1828],"tags":[29,30,1420,1209],"class_list":{"0":"post-380750","1":"post","2":"type-post","3":"status-publish","4":"format-standard","5":"has-post-thumbnail","7":"category-koeln","8":"tag-deutschland","9":"tag-germany","10":"tag-koeln","11":"tag-nordrhein-westfalen"},"share_on_mastodon":{"url":"https:\/\/pubeurope.com\/@de\/115109320923679754","error":""},"_links":{"self":[{"href":"https:\/\/www.europesays.com\/de\/wp-json\/wp\/v2\/posts\/380750","targetHints":{"allow":["GET"]}}],"collection":[{"href":"https:\/\/www.europesays.com\/de\/wp-json\/wp\/v2\/posts"}],"about":[{"href":"https:\/\/www.europesays.com\/de\/wp-json\/wp\/v2\/types\/post"}],"author":[{"embeddable":true,"href":"https:\/\/www.europesays.com\/de\/wp-json\/wp\/v2\/users\/2"}],"replies":[{"embeddable":true,"href":"https:\/\/www.europesays.com\/de\/wp-json\/wp\/v2\/comments?post=380750"}],"version-history":[{"count":0,"href":"https:\/\/www.europesays.com\/de\/wp-json\/wp\/v2\/posts\/380750\/revisions"}],"wp:featuredmedia":[{"embeddable":true,"href":"https:\/\/www.europesays.com\/de\/wp-json\/wp\/v2\/media\/380751"}],"wp:attachment":[{"href":"https:\/\/www.europesays.com\/de\/wp-json\/wp\/v2\/media?parent=380750"}],"wp:term":[{"taxonomy":"category","embeddable":true,"href":"https:\/\/www.europesays.com\/de\/wp-json\/wp\/v2\/categories?post=380750"},{"taxonomy":"post_tag","embeddable":true,"href":"https:\/\/www.europesays.com\/de\/wp-json\/wp\/v2\/tags?post=380750"}],"curies":[{"name":"wp","href":"https:\/\/api.w.org\/{rel}","templated":true}]}}