{"id":380758,"date":"2025-08-29T00:56:31","date_gmt":"2025-08-29T00:56:31","guid":{"rendered":"https:\/\/www.europesays.com\/de\/380758\/"},"modified":"2025-08-29T00:56:31","modified_gmt":"2025-08-29T00:56:31","slug":"nelly-furtado-in-hamburg-selbstbewusst-wie-nie-zuvor","status":"publish","type":"post","link":"https:\/\/www.europesays.com\/de\/380758\/","title":{"rendered":"Nelly Furtado in Hamburg: Selbstbewusst wie nie zuvor"},"content":{"rendered":"<p>        <img decoding=\"async\" src=\"https:\/\/www.europesays.com\/de\/wp-content\/uploads\/2025\/08\/nellyfurtado-102.webp\" alt=\"Nelly Furtado geht eine Treppe runter\" title=\"Nelly Furtado geht eine Treppe runter | Fabian Lippke\" class=\"responsive\"\/><\/p>\n<p>AUDIO: Nelly Furtado: Aktuelles Album und Fat-Shaming-Debatte im Gep\u00e4ck (4 Min)<\/p>\n<p>\n            Stand: 28.08.2025 15:41 Uhr<\/p>\n<p class=\"preface\">In den Sozialen Medien tobt eine Debatte \u00fcber den K\u00f6rper der S\u00e4ngerin. Im Hamburger Stadtpark pr\u00e4sentiert sich Nelly Furtado unverstellt, selbstbewusst und frei von der alten Pop-Diva-Inszenierung.<\/p>\n<p class=\"\">\nHamburg erlebt an diesem Abend nicht nur ein Konzert, sondern ein Comeback, das sich wie ein Befreiungsschlag anf\u00fchlt. Nat\u00fcrlich d\u00fcrfen die Klassiker nicht fehlen:\u00a0&#8222;I&#8217;m Like a Bird&#8220;,\u00a0&#8222;Maneater&#8220;,\u00a0&#8222;Say It Right&#8220;. Doch zwischen den Hits schiebt Nelly Furtado selbstbewusst neue St\u00fccke von ihrem aktuellen Album\u00a0&#8222;7&#8220;\u00a0ein.<\/p>\n<p class=\"\">\nDerzeit muss die S\u00e4ngerin eine Fat-Shaming Debatte ertragen. Die ehemals zierliche Frau pr\u00e4sentiert sich mit deutlichen Rundungen auf der B\u00fchne. Ein Video auf der Plattform Tiktok von einem Konzert in Belgien haben 1,4 Millionen Menschen gesehen. Mehr als 3.000 Menschen haben es kommentiert. Die meisten sprechen aber nicht \u00fcber Nelly Furtados Gesang oder ihre Performance, sondern \u00fcber ihren K\u00f6rper. Denn dieser hat sich seit ihrem Durchbruch Anfang der 2000er-Jahre ver\u00e4ndert. Er ist gr\u00f6\u00dfer geworden. Und das scheint Grund genug zu sein, dass Menschen ihn unter diesem Video kommentieren, bewerten, teils beschimpfen oder ins L\u00e4cherliche ziehen.<\/p>\n<p>    Unverstellt und frei von der alten Pop-Diva-Inszenierung<\/p>\n<p>                    <a href=\"https:\/\/www.europesays.com\/de\/wp-content\/uploads\/2025\/08\/nellyfurtado-100.webp\" class=\"zoomimage\" title=\"Bild vergr\u00f6\u00dfern\"><\/p>\n<p>        <img decoding=\"async\" src=\"https:\/\/www.europesays.com\/de\/wp-content\/uploads\/2025\/08\/nellyfurtado-100.webp\" alt=\"Nelly Furtado - mit T\u00e4nzern auf der B\u00fchne\" title=\"Furtados neues Album \u00fcberrascht mit ungewohnten Technobeats. | Fabian Lippke\" class=\"responsive\" loading=\"lazy\"\/><\/p>\n<p>                    <\/a><\/p>\n<p>                    Furtados neues Album \u00fcberrascht mit ungewohnten Technobeats.<\/p>\n<p class=\"\">\nDass Nelly Furtado heute nicht nur f\u00fcr Musik steht, sondern auch f\u00fcr eine Haltung, wird beim Konzert immer wieder sp\u00fcrbar. Sie pr\u00e4sentiert sich unverstellt, selbstbewusst, frei von der alten Pop-Diva-Inszenierung. Body Positivity ist kein Schlagwort, sondern eine Ausstrahlung. In einem Interview mit dem US-amerikanischen Podcast &#8222;Call her Daddy&#8220; sprach sie dar\u00fcber, wie wohl sie sich in ihrem K\u00f6rper f\u00fchle. &#8222;Wei\u00dft du, was absurd ist? Ich f\u00fchle mich jetzt so selbstbewusst wie nie zuvor. Ich bin zufrieden mit mir &#8211; selbst wenn ich kritisiert werde. Nat\u00fcrlich lese ich die Kommentare &#8211; wer tut das nicht? Und wow, die Leute schreiben viel dar\u00fcber, wie ich aussehe. Ich finde es spannend, dass mein K\u00f6rper so ein Trigger ist f\u00fcr die Leute.&#8220;<\/p>\n<p>    Kurzes Konzert &#8211; Zugabe bleibt aus<\/p>\n<p class=\"\">\nFurtados neues Album mit dem kurzen Titel &#8222;7&#8220; ist 2024 nach sieben Jahren Pause erschienen und es ist gleichzeitig das siebte Album der K\u00fcnstlerin. Darauf \u00fcberrascht sie mit ungewohnten Technobeats. Das Publikum in Hamburg ist gemischt. Die Gen Z trifft auf Nellys Generation. Doch es wirkt, als habe man auf der B\u00fchne mehr Zuspruch vom Publikum erwartet. Nach nur 90 Minuten ist das Konzert dann auch schon wieder vorbei &#8211; die erhoffte gro\u00dfe Zugabe nach dem letzten Song &#8222;Maneater&#8220; bleibt aus.<\/p>\n<p class=\"\">Mit Informationen von Merle Weisser und Julia Hercka.<\/p>\n<p>        <img decoding=\"async\" src=\"https:\/\/www.europesays.com\/de\/wp-content\/uploads\/2025\/08\/gregoryporter-100.webp\" alt=\"Jazzmusiker Gregory Porter singt mit M\u00fctze und erhobenen H\u00e4nden auf der B\u00fchne\" title=\"Jazzmusiker Gregory Porter singt mit M\u00fctze und erhobenen H\u00e4nden auf der B\u00fchne | David Wala \/ Avalon\" class=\"responsive\" loading=\"lazy\"\/><\/p>\n<p>Das Stadtpark Open Air ist in die Jubil\u00e4umssaison gestartet &#8211; traditionsgem\u00e4\u00df mit Lotto King Karl zum Auftakt. Im Juli und August folgen etwa Will Smith, Nelly Furtado und Gregory Porter.<\/p>\n<p>        <img decoding=\"async\" src=\"https:\/\/www.europesays.com\/de\/wp-content\/uploads\/2025\/08\/callas174.webp\" alt=\"Opern-Star Maria Callas bei ihrem Auftritt mit dem NDR Sinfonieorchester in der Hamburger Musikhalle im Jahr 1962.\" title=\"Opern-Star Maria Callas bei ihrem Auftritt mit dem NDR Sinfonieorchester in der Hamburger Musikhalle im Jahr 1962. | NDR, NDR\" class=\"responsive\" loading=\"lazy\"\/><\/p>\n<p>Besonders S\u00e4ngerinnen sind im Opernbetrieb K\u00f6rperzw\u00e4ngen ausgesetzt &#8211; kein neues Thema, wie der Blick auf Maria Callas zeigt.<\/p>\n<p>        <img decoding=\"async\" src=\"https:\/\/www.europesays.com\/de\/wp-content\/uploads\/2025\/08\/screenshot-21820.webp\" alt=\"Faber und seine Band beim Auftritt im Hamburger Stadtpark\" title=\"Faber und seine Band beim Auftritt im Hamburger Stadtpark | Screenshot\" class=\"responsive\" loading=\"lazy\"\/><\/p>\n<p>Mit gesellschaftskritischen Texten und gro\u00dfer B\u00fchnenpr\u00e4senz zieht der schweizer Singer-Songwriter das Publikum in seinen Bann.<\/p>\n<p>        <img decoding=\"async\" src=\"https:\/\/www.europesays.com\/de\/wp-content\/uploads\/2025\/08\/screenshot-30062.webp\" alt=\"S\u00e4nger Ronan Keating auf der B\u00fchne im Stadtpark. \" title=\"S\u00e4nger Ronan Keating auf der B\u00fchne im Stadtpark.  | Screenshot\" class=\"responsive\" loading=\"lazy\"\/><\/p>\n<p>Vor einem Jahr musste der Musiker sein Konzert wegen des Wetters abbrechen. Dieses Jahr hat es aber mitgespielt!<\/p>\n","protected":false},"excerpt":{"rendered":"AUDIO: Nelly Furtado: Aktuelles Album und Fat-Shaming-Debatte im Gep\u00e4ck (4 Min) Stand: 28.08.2025 15:41 Uhr In den Sozialen&hellip;\n","protected":false},"author":2,"featured_media":380759,"comment_status":"","ping_status":"","sticky":false,"template":"","format":"standard","meta":{"footnotes":""},"categories":[1826],"tags":[29,5561,30,692,101959,810,43716,101958,1703,92686,92943],"class_list":{"0":"post-380758","1":"post","2":"type-post","3":"status-publish","4":"format-standard","5":"has-post-thumbnail","7":"category-hamburg","8":"tag-deutschland","9":"tag-festival","10":"tag-germany","11":"tag-hamburg","12":"tag-maneater","13":"tag-musik","14":"tag-nelly-furtado","15":"tag-off-days","16":"tag-pop","17":"tag-pop-musik","18":"tag-stadtpark-hamburg"},"share_on_mastodon":{"url":"https:\/\/pubeurope.com\/@de\/115109336721929705","error":""},"_links":{"self":[{"href":"https:\/\/www.europesays.com\/de\/wp-json\/wp\/v2\/posts\/380758","targetHints":{"allow":["GET"]}}],"collection":[{"href":"https:\/\/www.europesays.com\/de\/wp-json\/wp\/v2\/posts"}],"about":[{"href":"https:\/\/www.europesays.com\/de\/wp-json\/wp\/v2\/types\/post"}],"author":[{"embeddable":true,"href":"https:\/\/www.europesays.com\/de\/wp-json\/wp\/v2\/users\/2"}],"replies":[{"embeddable":true,"href":"https:\/\/www.europesays.com\/de\/wp-json\/wp\/v2\/comments?post=380758"}],"version-history":[{"count":0,"href":"https:\/\/www.europesays.com\/de\/wp-json\/wp\/v2\/posts\/380758\/revisions"}],"wp:featuredmedia":[{"embeddable":true,"href":"https:\/\/www.europesays.com\/de\/wp-json\/wp\/v2\/media\/380759"}],"wp:attachment":[{"href":"https:\/\/www.europesays.com\/de\/wp-json\/wp\/v2\/media?parent=380758"}],"wp:term":[{"taxonomy":"category","embeddable":true,"href":"https:\/\/www.europesays.com\/de\/wp-json\/wp\/v2\/categories?post=380758"},{"taxonomy":"post_tag","embeddable":true,"href":"https:\/\/www.europesays.com\/de\/wp-json\/wp\/v2\/tags?post=380758"}],"curies":[{"name":"wp","href":"https:\/\/api.w.org\/{rel}","templated":true}]}}