{"id":380774,"date":"2025-08-29T01:05:58","date_gmt":"2025-08-29T01:05:58","guid":{"rendered":"https:\/\/www.europesays.com\/de\/380774\/"},"modified":"2025-08-29T01:05:58","modified_gmt":"2025-08-29T01:05:58","slug":"warum-liegen-am-pulverhaus-jetzt-riesige-weisse-federn","status":"publish","type":"post","link":"https:\/\/www.europesays.com\/de\/380774\/","title":{"rendered":"Warum liegen am Pulverhaus jetzt riesige wei\u00dfe Federn?"},"content":{"rendered":"<p>    &#13;<\/p>\n<p>&#13;<br \/>\n        Skulpturenpfad bei Sympatec &#13;\n      <\/p>\n<p>&#13;<br \/>\n      &#13;<\/p>\n<p>      &#13;<br \/>\n        <img decoding=\"async\"   src=\"https:\/\/www.europesays.com\/de\/wp-content\/uploads\/2025\/08\/Nach-der-Einweihung-des-Skulpturenpfades-erlaeutert-1120270.jpg\" title=\"Oberharz: Warum liegen am Pulverhaus jetzt riesige wei\u00dfe Federn?\" alt=\"Nach der Einweihung des Skulpturenpfades erl\u00e4utert K\u00fcnstlerin Sina Heffner (3.v.l.) den G\u00e4sten die wei\u00dfen Federn.\" class=\"img-responsive\"\/>&#13;<br \/>\n        &#13;<\/p>\n<p>Nach der Einweihung des Skulpturenpfades erl\u00e4utert K\u00fcnstlerin Sina Heffner (3.v.l.) den G\u00e4sten die wei\u00dfen Federn. &#13;<br \/>\n\t\t\t\t\t\t\t\tFoto: Nachtweyh<\/p>\n<p>&#13;<br \/>\n        &#13;<\/p>\n<p class=\"intro\">Bis zu drei Meter hoch und lang sind die f\u00fcnf wei\u00dfen Federn, die den Skulpturenpfad am Firmengel\u00e4nde von Sympatec in Clausthal-Zellerfeld s\u00e4umen. Geschaffen hat die Objekte Sina Heffner aus Braunschweig. Aber warum ausgerechnet Federn an diesem Ort? <\/p>\n","protected":false},"excerpt":{"rendered":"&#13; &#13; Skulpturenpfad bei Sympatec &#13; &#13; &#13; &#13; &#13; &#13; Nach der Einweihung des Skulpturenpfades erl\u00e4utert K\u00fcnstlerin&hellip;\n","protected":false},"author":2,"featured_media":380775,"comment_status":"","ping_status":"","sticky":false,"template":"","format":"standard","meta":{"footnotes":""},"categories":[1775],"tags":[1793,103019,22539,29,214,30,103021,1794,22538,103018,103020,215],"class_list":{"0":"post-380774","1":"post","2":"type-post","3":"status-publish","4":"format-standard","5":"has-post-thumbnail","7":"category-kunst-und-design","8":"tag-art-and-design","9":"tag-bergbaugeschichte","10":"tag-clausthal-zellerfeld","11":"tag-deutschland","12":"tag-entertainment","13":"tag-germany","14":"tag-kunst-im","15":"tag-kunst-und-design","16":"tag-oberharz","17":"tag-skulpturenweg","18":"tag-sympatec","19":"tag-unterhaltung"},"share_on_mastodon":{"url":"https:\/\/pubeurope.com\/@de\/115109375741943747","error":""},"_links":{"self":[{"href":"https:\/\/www.europesays.com\/de\/wp-json\/wp\/v2\/posts\/380774","targetHints":{"allow":["GET"]}}],"collection":[{"href":"https:\/\/www.europesays.com\/de\/wp-json\/wp\/v2\/posts"}],"about":[{"href":"https:\/\/www.europesays.com\/de\/wp-json\/wp\/v2\/types\/post"}],"author":[{"embeddable":true,"href":"https:\/\/www.europesays.com\/de\/wp-json\/wp\/v2\/users\/2"}],"replies":[{"embeddable":true,"href":"https:\/\/www.europesays.com\/de\/wp-json\/wp\/v2\/comments?post=380774"}],"version-history":[{"count":0,"href":"https:\/\/www.europesays.com\/de\/wp-json\/wp\/v2\/posts\/380774\/revisions"}],"wp:featuredmedia":[{"embeddable":true,"href":"https:\/\/www.europesays.com\/de\/wp-json\/wp\/v2\/media\/380775"}],"wp:attachment":[{"href":"https:\/\/www.europesays.com\/de\/wp-json\/wp\/v2\/media?parent=380774"}],"wp:term":[{"taxonomy":"category","embeddable":true,"href":"https:\/\/www.europesays.com\/de\/wp-json\/wp\/v2\/categories?post=380774"},{"taxonomy":"post_tag","embeddable":true,"href":"https:\/\/www.europesays.com\/de\/wp-json\/wp\/v2\/tags?post=380774"}],"curies":[{"name":"wp","href":"https:\/\/api.w.org\/{rel}","templated":true}]}}