{"id":380788,"date":"2025-08-29T01:13:14","date_gmt":"2025-08-29T01:13:14","guid":{"rendered":"https:\/\/www.europesays.com\/de\/380788\/"},"modified":"2025-08-29T01:13:14","modified_gmt":"2025-08-29T01:13:14","slug":"we-have-the-perfect-place-schalke-arena-bietet-taylor-swift-und-travis-kelce-hochzeitslocation-an","status":"publish","type":"post","link":"https:\/\/www.europesays.com\/de\/380788\/","title":{"rendered":"&#8222;We have the perfect place&#8220;: Schalke-Arena bietet Taylor Swift und Travis Kelce Hochzeitslocation an"},"content":{"rendered":"<p>                    &#8222;We have the perfect place&#8220;<br \/>\n                Schalke-Arena bietet Taylor Swift und Travis Kelce Hochzeitslocation an <\/p>\n<p>\t\t\t\t              28.08.2025, 21:20 Uhr<\/p>\n<p>\t\t\t\t\t       Artikel anh\u00f6ren<\/p>\n<p>\t\t\t\t\t\t\tDiese Audioversion wurde k\u00fcnstlich generiert. <a href=\"https:\/\/www.n-tv.de\/23249898\" target=\"_blank\" rel=\"noopener\">Mehr Infos<\/a><\/p>\n<p><strong>Nach der Verlobung steht nun die Promi-Traumhochzeit bevor. An Angeboten f\u00fcr Hochzeitslocations mangelt es Taylor Swift und Travis Kelce wohl kaum. Auch die Veltins-Arena in Gelsenkirchen ver\u00f6ffentlicht ein Video, in dem sie das Traumpaar in die hauseigene Kapelle einl\u00e4dt. <\/strong><\/p>\n<p>Pop-Superstar Taylor Swift und NFL-Spieler Travis Kelce haben sich verlobt. Nun ist die Frage: Wo wird die Hochzeit stattfinden? Die Veltins-Arena in Gelsenkirchen, die Heimspielst\u00e4tte des FC Schalke 04, hat dem Glamour-Paar daf\u00fcr ihre hauseigene Kapelle angeboten.<\/p>\n<p>Die Arena ver\u00f6ffentlichte ein Video auf ihrem Instagram-Kanal und fragte &#8222;Looking for a wedding location?&#8220;, also &#8222;Suchen Sie nach einem Ort f\u00fcr Ihre Hochzeit?&#8220; Dann folge ein Angebot: &#8222;Wir haben vielleicht den perfekten Ort\u2026&#8220;. Vertagt wurden dazu die Accounts der beiden verlobten Stars. In der Kapelle, in der ein katholischer und ein evangelischer Pfarrer wirken, sind den Angaben zufolge schon \u00fcber 2000 Kinder getauft worden, 1000 Trauungen und Jubil\u00e4en wurden gefeiert.<\/p>\n<p>Noch k\u00fcrzlich hatten Taylor Swift und Travis Kelce von den Fans in Gelsenkirchen geschw\u00e4rmt. Er erinnere sich noch genau an &#8222;Gelsingerken&#8220;, sagte der Footballer in seinem Podcast &#8222;New Heights&#8220;. Im Sommer vergangenen Jahres hatte Taylor Swift dort mit ihrer &#8222;Eras Tour&#8220; drei ausverkaufte Shows gegeben. Nach einer Petition einer Sch\u00fclerin und Swift-Anh\u00e4ngerin vom Niederrhein benannte sich die vom Strukturwandel gebeutelte Ruhrgebietsstadt sogar tempor\u00e4r in &#8222;Swiftkirchen&#8220; um.<\/p>\n","protected":false},"excerpt":{"rendered":"&#8222;We have the perfect place&#8220; Schalke-Arena bietet Taylor Swift und Travis Kelce Hochzeitslocation an 28.08.2025, 21:20 Uhr Artikel&hellip;\n","protected":false},"author":2,"featured_media":380789,"comment_status":"","ping_status":"","sticky":false,"template":"","format":"standard","meta":{"footnotes":""},"categories":[155],"tags":[29,214,3158,30,14684,4550,811,6856,215],"class_list":{"0":"post-380788","1":"post","2":"type-post","3":"status-publish","4":"format-standard","5":"has-post-thumbnail","7":"category-unterhaltung","8":"tag-deutschland","9":"tag-entertainment","10":"tag-fc-schalke-04","11":"tag-germany","12":"tag-hochzeiten","13":"tag-nfl","14":"tag-promi-paare","15":"tag-taylor-swift","16":"tag-unterhaltung"},"share_on_mastodon":{"url":"https:\/\/pubeurope.com\/@de\/115109403274002730","error":""},"_links":{"self":[{"href":"https:\/\/www.europesays.com\/de\/wp-json\/wp\/v2\/posts\/380788","targetHints":{"allow":["GET"]}}],"collection":[{"href":"https:\/\/www.europesays.com\/de\/wp-json\/wp\/v2\/posts"}],"about":[{"href":"https:\/\/www.europesays.com\/de\/wp-json\/wp\/v2\/types\/post"}],"author":[{"embeddable":true,"href":"https:\/\/www.europesays.com\/de\/wp-json\/wp\/v2\/users\/2"}],"replies":[{"embeddable":true,"href":"https:\/\/www.europesays.com\/de\/wp-json\/wp\/v2\/comments?post=380788"}],"version-history":[{"count":0,"href":"https:\/\/www.europesays.com\/de\/wp-json\/wp\/v2\/posts\/380788\/revisions"}],"wp:featuredmedia":[{"embeddable":true,"href":"https:\/\/www.europesays.com\/de\/wp-json\/wp\/v2\/media\/380789"}],"wp:attachment":[{"href":"https:\/\/www.europesays.com\/de\/wp-json\/wp\/v2\/media?parent=380788"}],"wp:term":[{"taxonomy":"category","embeddable":true,"href":"https:\/\/www.europesays.com\/de\/wp-json\/wp\/v2\/categories?post=380788"},{"taxonomy":"post_tag","embeddable":true,"href":"https:\/\/www.europesays.com\/de\/wp-json\/wp\/v2\/tags?post=380788"}],"curies":[{"name":"wp","href":"https:\/\/api.w.org\/{rel}","templated":true}]}}