{"id":380811,"date":"2025-08-29T01:25:12","date_gmt":"2025-08-29T01:25:12","guid":{"rendered":"https:\/\/www.europesays.com\/de\/380811\/"},"modified":"2025-08-29T01:25:12","modified_gmt":"2025-08-29T01:25:12","slug":"siedlung-nahe-der-kaiserstrasse-wie-abgeschnitten","status":"publish","type":"post","link":"https:\/\/www.europesays.com\/de\/380811\/","title":{"rendered":"Siedlung nahe der Kaiserstra\u00dfe wie abgeschnitten"},"content":{"rendered":"<p>\t\tWegen Baustelle in Herten ist Siedlung wie abgeschnitten<br \/>\n\t\t\t\t\tKlaus Dortmann kommt kaum nach Disteln<\/p>\n<p>\t\t<img alt=\"\" src=\"https:\/\/www.europesays.com\/de\/wp-content\/uploads\/2025\/08\/630_0036_1294090_.jpg\"  class=\"avatar avatar-36 photo avatar-default\" height=\"36\" width=\"36\" loading=\"lazy\" decoding=\"async\"\/>\t\t<a class=\"article-author__name\" href=\"https:\/\/www.hertener-allgemeine.de\/author\/harald-landgraf\/\" rel=\"author noopener\" target=\"_blank\">Harald Landgraf<\/a><br \/>\n\t\tRedakteur<\/p>\n<p>    <a href=\"https:\/\/www.hertener-allgemeine.de\/wp-content\/uploads\/2025\/08\/28\/15\/630_0900_4982021_HAL_Dortmann_Klaus_Herten11-1648x824.jpg\" target=\"_blank\" rel=\"noopener\"><\/p>\n<p>            <img decoding=\"async\" fetchpriority=\"high\" src=\"https:\/\/www.europesays.com\/de\/wp-content\/uploads\/2025\/08\/630_0900_4982020_HAL_Dortmann_Klaus_Herten11-640x428.jpg\" width=\"640\" height=\"428\"  alt=\"Klaus Dortmann, an der Stra\u00dfe In den Uhlenwiesen an der Einm\u00fcndung Schwalbenweg.\"\/><\/p>\n<p>    <\/a><br \/>\n    Klaus Dortmann wohnt in der Stra\u00dfe In den Uhlenwiesen, hier steht er an der Einm\u00fcndung Schwalbenweg. Bis zum Reitkamp ist es quasi ein Steinwurf, er kommt mit dem Auto aber nicht dorthin. \u00a9 Harald Landgraf<\/p>\n<p class=\"article__teaser-text\">Wer in den Uhlenwiesen wohnt, w\u00e4re in ein paar Minuten am Distelner Einkaufszentrum. Wegen der Sperrungen geht\u2019s nicht. Sind Anwohner vergessen worden?<\/p>\n<p>2 Min Lesezeit<\/p>\n<p>Fahrrad kaufen oder gro\u00dfe Umwege fahrenVerz\u00f6gerung der Baustelle Kaiserstra\u00dfe sei denkbar<\/p>\n","protected":false},"excerpt":{"rendered":"Wegen Baustelle in Herten ist Siedlung wie abgeschnitten Klaus Dortmann kommt kaum nach Disteln Harald Landgraf Redakteur Klaus&hellip;\n","protected":false},"author":2,"featured_media":380812,"comment_status":"","ping_status":"","sticky":false,"template":"","format":"standard","meta":{"footnotes":""},"categories":[1848],"tags":[3364,29,548,663,3934,3658,30,13,33058,14,15,1209,12,3587],"class_list":{"0":"post-380811","1":"post","2":"type-post","3":"status-publish","4":"format-standard","5":"has-post-thumbnail","7":"category-gelsenkirchen","8":"tag-de","9":"tag-deutschland","10":"tag-eu","11":"tag-europa","12":"tag-europe","13":"tag-gelsenkirchen","14":"tag-germany","15":"tag-headlines","16":"tag-herten-westfalen","17":"tag-nachrichten","18":"tag-news","19":"tag-nordrhein-westfalen","20":"tag-schlagzeilen","21":"tag-verkehr-mobilitaet"},"share_on_mastodon":{"url":"https:\/\/pubeurope.com\/@de\/115109450528630363","error":""},"_links":{"self":[{"href":"https:\/\/www.europesays.com\/de\/wp-json\/wp\/v2\/posts\/380811","targetHints":{"allow":["GET"]}}],"collection":[{"href":"https:\/\/www.europesays.com\/de\/wp-json\/wp\/v2\/posts"}],"about":[{"href":"https:\/\/www.europesays.com\/de\/wp-json\/wp\/v2\/types\/post"}],"author":[{"embeddable":true,"href":"https:\/\/www.europesays.com\/de\/wp-json\/wp\/v2\/users\/2"}],"replies":[{"embeddable":true,"href":"https:\/\/www.europesays.com\/de\/wp-json\/wp\/v2\/comments?post=380811"}],"version-history":[{"count":0,"href":"https:\/\/www.europesays.com\/de\/wp-json\/wp\/v2\/posts\/380811\/revisions"}],"wp:featuredmedia":[{"embeddable":true,"href":"https:\/\/www.europesays.com\/de\/wp-json\/wp\/v2\/media\/380812"}],"wp:attachment":[{"href":"https:\/\/www.europesays.com\/de\/wp-json\/wp\/v2\/media?parent=380811"}],"wp:term":[{"taxonomy":"category","embeddable":true,"href":"https:\/\/www.europesays.com\/de\/wp-json\/wp\/v2\/categories?post=380811"},{"taxonomy":"post_tag","embeddable":true,"href":"https:\/\/www.europesays.com\/de\/wp-json\/wp\/v2\/tags?post=380811"}],"curies":[{"name":"wp","href":"https:\/\/api.w.org\/{rel}","templated":true}]}}