{"id":380813,"date":"2025-08-29T01:26:15","date_gmt":"2025-08-29T01:26:15","guid":{"rendered":"https:\/\/www.europesays.com\/de\/380813\/"},"modified":"2025-08-29T01:26:15","modified_gmt":"2025-08-29T01:26:15","slug":"fc-bayern-ringt-in-wiesbaden-um-den-sieg-probleme-und-moegliche-neuzugaenge","status":"publish","type":"post","link":"https:\/\/www.europesays.com\/de\/380813\/","title":{"rendered":"FC Bayern ringt in Wiesbaden um den Sieg: Probleme und m\u00f6gliche Neuzug\u00e4nge"},"content":{"rendered":"<p class=\"mb-6 text-xs md:text-m lg:text-l font-serif group-[.font-sans]:font-sans \">\n    Wie bedrohlich die Lage f\u00fcr den FC Bayern beim Pokalspiel in Wiesbaden zwischenzeitlich war, zeigte nichts besser als jene unheilvolle 76. Minute, in der das Unglaubliche geschah. Harry Kane, Mister 100 Prozent bei Elfmetern, vergab einen Strafsto\u00df. Es war das erste Mal, dass der Engl\u00e4nder in einem Pflichtspiel im Bayern-Trikot vergab. Nach zuvor 14 Treffern in Folge und 31 verwandelten Strafst\u00f6\u00dfen in Folge. Vor drei Wochen hatte Kane zwar im Testspiel gegen Tottenham ebenfalls vergeben, nun folgte die erste Fahrkarte in einem Pflichtspiel.\n  <\/p>\n<p class=\"mb-6 text-xs md:text-m lg:text-l font-serif group-[.font-sans]:font-sans \">\n    Sie passte zu einem Spiel, in dem sich der FC Bayern, wie Trainer Vincent Kompany sagte, kurz zuvor einen \u201eBlackout\u201c geleistet hatte. Innerhalb von sechs Minuten hatte der Drittligist aus einem 0:2 ein 2:2 gemacht. Fatih Kaya hatte doppelt getroffen (64.\/70.). <a href=\"https:\/\/www.augsburger-allgemeine.de\/sport\/dfb-pokal-stotterstart-bayern-knapp-an-pokal-blamage-vorbei-110661770\" target=\"_self\" class=\"underline \" rel=\"nofollow noopener\">Dass Kane in der letzten Sekunde der Nachspielzeit noch das 3:2 f\u00fcr die Bayern erzielte<\/a>, bewahrte die M\u00fcnchner vor Schlimmerem. Die Partie zeigte aber einmal mehr die Anf\u00e4lligkeit der Bayern.\n  <\/p>\n<p class=\"mb-6 text-xs md:text-m lg:text-l font-serif group-[.font-sans]:font-sans \">\n    Denn die Probleme, die die Bayern in Wiesbaden hatten, sind alles andere als neu: Wackler in der Defensive verbinden sich mit einer haarstr\u00e4ubenden Fahrl\u00e4ssigkeit bei der Verwertung von Chancen \u2013 und schon geraten die wenige Tage zuvor beim 6:0 gegen Leipzig noch so souver\u00e4n wirkenden M\u00fcnchner ins Straucheln. Vor allem Neuzugang Luis Diaz tat sich beim Vergeben bester M\u00f6glichkeiten hervor. Alleine im ersten Durchgang h\u00e4tte der Kolumbianer mindestens eines, wenn nicht sogar zwei Treffer nachlegen m\u00fcssen. \u201eDie Vielzahl der Chancen war schon extrem\u201c, sagte etwa Joshua Kimmich nach Spielende. Dass es aber nicht zur Blamage kam, sei auch ein Zeichen der Reife, so Kimmich: \u201eWichtig war, dass wir dann ruhig geblieben sind. In der Vergangenheit haben wir hinten raus h\u00e4ufiger die Nerven verloren.\n  <\/p>\n<p>            Bayern-Trainer Kompany nahm Luis Diaz in Schutz<\/p>\n<p class=\"mb-6 text-xs md:text-m lg:text-l font-serif group-[.font-sans]:font-sans \">\n    Trainer Kompany sprach davon, dass es \u201ekeine Ausreden\u201c geben d\u00fcrfe, \u201ewenn man ein Spiel nicht entscheiden kann, in dem wir so viele M\u00f6glichkeiten bekommen\u201c. Auf Nachfrage nahm er Luis Diaz in Schutz: Dieser habe sich die Gelegenheiten teilweise auch erst selbst erarbeitet \u2013 und werde sie auch wieder im Spiel nutzen. \u201eIm Training macht er die Tore\u201c, attestierte der Trainer dem 75-Millionen-Mann. Allerdings habe der FC Bayern auch \u201eim richtigen Moment einfach Charakter gezeigt\u201c, befand Kompany. \u201eEs ist kein Zufall, dass Harry Kane das Tor gemacht hat.\u201c\n  <\/p>\n<p class=\"mb-6 text-xs md:text-m lg:text-l font-serif group-[.font-sans]:font-sans \">\n    Allerdings gilt auch: Bayern scheint mittlerweile sehr abh\u00e4ngig zu sein von den meist zahlreichen Toren von Kane und der meist exzellenten Form von Michael Olise. Die beiden hatten auch die Treffer zur vermeintlich beruhigenden 2:0-F\u00fchrung besorgt. Im auf Kante gen\u00e4hten Bayern-Kader scheint es \u2013 vor allem wegen der Vielzahl der Spiele und der \u00e4u\u00dferst kurzen Pause nach der Klub-WM \u2013 durchaus Bedarf f\u00fcr Neuverpflichtungen zu geben.\n  <\/p>\n<p class=\"mb-6 text-xs md:text-m lg:text-l font-serif group-[.font-sans]:font-sans \">\n    Der 17-j\u00e4hrige Lennart Karl, der das erste Mal von Beginn an ran durfte, zeigte gute Ans\u00e4tze und war an der Entstehung des zweiten Treffers durch Olise beteiligt. Kompany sprach dem Talent ein Lob aus: \u201eIn den ersten zehn Minuten war es typisch: drei, vier, f\u00fcnf Ballverluste. Vielleicht war er ein bisschen nerv\u00f6s. Aber dann ist er immer besser ins Spiel gekommen.\u201c Dennoch w\u00e4re es ein Fehler, Karl jetzt mit einer zu hohen Erwartungshaltung zu belasten. \u201eEr kann im Moment nichts falsch machen.\u201c Die Aufgabe, die Siege zu holen, so Kompany, liege bei den erfahrenen Spielern. \u201eDie Jungen sollen uns helfen. Das macht er.\u201c\n  <\/p>\n<p>    <img decoding=\"async\" src=\"https:\/\/images.mgpd.de\/img\/110652765\/crop\/c16_9-w100\/1142868243\/120627386\/nicolas-jackson.jpg\" alt=\"Nicolas Jackson soll Thema beim FC Bayern sein.\" title=\"Nicolas Jackson soll Thema beim FC Bayern sein.\" class=\"h-full w-full object-cover\"\/><\/p>\n<p>      Icon vergr\u00f6\u00dfern<\/p>\n<p>    Nicolas Jackson soll Thema beim FC Bayern sein.<br \/>\n    Foto: Petr David Jose, dpa<\/p>\n<p>        Schlie\u00dfen <\/p>\n<p>      Icon Schlie\u00dfen<\/p>\n<p>        Icon vergr\u00f6\u00dfern<\/p>\n<p>        Icon verkleinern<\/p>\n<p>      Icon Pfeil bewegen<\/p>\n<p>    Nicolas Jackson soll Thema beim FC Bayern sein.<br \/>\n    Foto: Petr David Jose, dpa<\/p>\n<p>            Chelseas Nicolas Jackson scheint mit den Bayern weit zu sein<\/p>\n<p class=\"mb-6 text-xs md:text-m lg:text-l font-serif group-[.font-sans]:font-sans \">\n    Es sind Worte, die auch als Bitte an die Klubf\u00fchrung verstanden werden k\u00f6nnten, noch einige erfahrene Spieler ins Boot zu holen. Christopher Nkunku wird wohl kein Bayern-Spieler mehr, den Franzosen zieht es vom FC Chelsea zum AC Mailand. Bei einem anderen Profi in Diensten der Blues sieht das offenbar anders aus. Nicolas Jackson k\u00f6nnte bis zum Transferschluss am Montag kommen. Ger\u00fcchte um den 24-J\u00e4hrigen aus dem Senegal gibt es bereits seit L\u00e4ngerem. Nun scheint es einen Durchbruch zu geben beim Mittelst\u00fcrmer, der in der vergangenen Saison zehn Treffer in 30 Ligaspielen in England erzielte. Jackson k\u00f6nnte auf Leihbasis kommen, was den Vorgaben des Bayern-Vorstands entspr\u00e4che.\n  <\/p>\n<ul data-module-id=\"DragDropModule\" class=\"flex flex-wrap justify-start group-[.no-bookmarks]:hidden\">\n<li class=\"mb-3 mr-3\">\n    Florian Eisele<\/p>\n<p>      Icon Haken im Kreis gesetzt<\/p>\n<p>      Icon Plus im Kreis<\/p>\n<\/li>\n<li class=\"mb-3 mr-3\">\n    Wiesbaden<\/p>\n<p>      Icon Haken im Kreis gesetzt<\/p>\n<p>      Icon Plus im Kreis<\/p>\n<\/li>\n<li class=\"mb-3 mr-3\">\n    FC Bayern M\u00fcnchen<\/p>\n<p>      Icon Haken im Kreis gesetzt<\/p>\n<p>      Icon Plus im Kreis<\/p>\n<\/li>\n<\/ul>\n","protected":false},"excerpt":{"rendered":"Wie bedrohlich die Lage f\u00fcr den FC Bayern beim Pokalspiel in Wiesbaden zwischenzeitlich war, zeigte nichts besser als&hellip;\n","protected":false},"author":2,"featured_media":380814,"comment_status":"","ping_status":"","sticky":false,"template":"","format":"standard","meta":{"footnotes":""},"categories":[1847],"tags":[3364,29,548,663,3934,30,13,2052,14,15,12,4544],"class_list":{"0":"post-380813","1":"post","2":"type-post","3":"status-publish","4":"format-standard","5":"has-post-thumbnail","7":"category-wiesbaden","8":"tag-de","9":"tag-deutschland","10":"tag-eu","11":"tag-europa","12":"tag-europe","13":"tag-germany","14":"tag-headlines","15":"tag-hessen","16":"tag-nachrichten","17":"tag-news","18":"tag-schlagzeilen","19":"tag-wiesbaden"},"share_on_mastodon":{"url":"https:\/\/pubeurope.com\/@de\/115109454492875369","error":""},"_links":{"self":[{"href":"https:\/\/www.europesays.com\/de\/wp-json\/wp\/v2\/posts\/380813","targetHints":{"allow":["GET"]}}],"collection":[{"href":"https:\/\/www.europesays.com\/de\/wp-json\/wp\/v2\/posts"}],"about":[{"href":"https:\/\/www.europesays.com\/de\/wp-json\/wp\/v2\/types\/post"}],"author":[{"embeddable":true,"href":"https:\/\/www.europesays.com\/de\/wp-json\/wp\/v2\/users\/2"}],"replies":[{"embeddable":true,"href":"https:\/\/www.europesays.com\/de\/wp-json\/wp\/v2\/comments?post=380813"}],"version-history":[{"count":0,"href":"https:\/\/www.europesays.com\/de\/wp-json\/wp\/v2\/posts\/380813\/revisions"}],"wp:featuredmedia":[{"embeddable":true,"href":"https:\/\/www.europesays.com\/de\/wp-json\/wp\/v2\/media\/380814"}],"wp:attachment":[{"href":"https:\/\/www.europesays.com\/de\/wp-json\/wp\/v2\/media?parent=380813"}],"wp:term":[{"taxonomy":"category","embeddable":true,"href":"https:\/\/www.europesays.com\/de\/wp-json\/wp\/v2\/categories?post=380813"},{"taxonomy":"post_tag","embeddable":true,"href":"https:\/\/www.europesays.com\/de\/wp-json\/wp\/v2\/tags?post=380813"}],"curies":[{"name":"wp","href":"https:\/\/api.w.org\/{rel}","templated":true}]}}